{"id":3232,"date":"2023-10-12T08:03:00","date_gmt":"2023-10-12T06:03:00","guid":{"rendered":"https:\/\/tsv-ettlingen.de\/tsv\/?p=3232"},"modified":"2023-10-11T20:30:42","modified_gmt":"2023-10-11T18:30:42","slug":"andreas-zimmer-zum-trainer-des-jahres-ausgezeichnet","status":"publish","type":"post","link":"https:\/\/tsv-ettlingen.de\/tsv\/andreas-zimmer-zum-trainer-des-jahres-ausgezeichnet","title":{"rendered":"Andreas Zimmer zum Trainer des Jahres ausgezeichnet"},"content":{"rendered":"\n<div id=\"wp-block-themeisle-blocks-advanced-columns-7b4e06d0\" class=\"wp-block-themeisle-blocks-advanced-columns has-1-columns has-desktop-equal-layout has-tablet-equal-layout has-mobile-equal-layout has-vertical-unset\"><div class=\"wp-block-themeisle-blocks-advanced-columns-overlay\"><\/div><div class=\"innerblocks-wrap\">\n<div id=\"wp-block-themeisle-blocks-advanced-column-f628b0f6\" class=\"wp-block-themeisle-blocks-advanced-column\">\n<p>Im Rahmen des BBW-Bezirkstages in Baden-Baden \u00fcberreichte der 1. Vorsitzende, Christian Roos, die begehrte Auszeichnung f\u00fcr den Trainer des Jahres 2021\/2022 im Basketball-Leistungsbereich. Die strahlenden Vertreter des TSV Ettlingen nahmen den Preis entgegen und feierten ihren Trainer, Andreas Zimmer, der sich diese Ehre redlich verdient hat.<\/p>\n<\/div>\n<\/div><\/div>\n\n\n\n<div id=\"wp-block-themeisle-blocks-advanced-columns-80b9115b\" class=\"wp-block-themeisle-blocks-advanced-columns has-2-columns has-desktop-oneTwo-layout has-tablet-equal-layout has-mobile-collapsedRows-layout has-vertical-unset\"><div class=\"wp-block-themeisle-blocks-advanced-columns-overlay\"><\/div><div class=\"innerblocks-wrap\">\n<div id=\"wp-block-themeisle-blocks-advanced-column-56dcf716\" class=\"wp-block-themeisle-blocks-advanced-column\">\n<figure class=\"wp-block-image size-large is-style-default\"><img loading=\"lazy\" decoding=\"async\" width=\"682\" height=\"1024\" src=\"https:\/\/tsv-ettlingen.de\/tsv\/wp-content\/uploads\/2023\/10\/Andi-Zimmer1-682x1024.jpeg\" alt=\"\" class=\"wp-image-3234\" srcset=\"https:\/\/tsv-ettlingen.de\/tsv\/wp-content\/uploads\/2023\/10\/Andi-Zimmer1-682x1024.jpeg 682w, https:\/\/tsv-ettlingen.de\/tsv\/wp-content\/uploads\/2023\/10\/Andi-Zimmer1-200x300.jpeg 200w, https:\/\/tsv-ettlingen.de\/tsv\/wp-content\/uploads\/2023\/10\/Andi-Zimmer1-768x1154.jpeg 768w, https:\/\/tsv-ettlingen.de\/tsv\/wp-content\/uploads\/2023\/10\/Andi-Zimmer1.jpeg 906w\" sizes=\"auto, (max-width: 682px) 100vw, 682px\" \/><\/figure>\n<\/div>\n\n\n\n<div id=\"wp-block-themeisle-blocks-advanced-column-faf3b32b\" class=\"wp-block-themeisle-blocks-advanced-column\">\n<p>Andreas Zimmer ist kein Unbekannter in der Basketballwelt. Seit vielen Jahren hat er sich mit Herz und Leidenschaft dem Basketball verschrieben. In der Saison 2021\/2022 hat er alle mit seiner au\u00dfergew\u00f6hnlichen Leistung als Trainer im Leistungsbereich \u00fcberzeugt. Sein Engagement, seine Hingabe und seine Trainer-Mentalit\u00e4t sind die Eckpfeiler seines Erfolges.<br>Die Wahl zum Trainer des Jahres ist kein Zufall. Sie erfolgt durch den BBW-Vorstand, der auf die Empfehlungen der Vereine im Bezirk 2 des BBW achtet. Die Konkurrenz war hart, denn der Bezirk beheimatet einige der talentiertesten Trainer in der Szene. Doch Andreas Zimmer stach in diesem hochkar\u00e4tigen Feld heraus. Die Auszeichnung Trainer des Jahres wird in verschiedenen Kategorien vergeben, darunter Minitrainer, Jugendtrainer, Trainer im Leistungsbereich und Jugendmanager. Andreas Zimmer erhielt die Ehrung in der K\u00f6nigsklasse, dem Leistungsbereich.<\/p>\n<\/div>\n<\/div><\/div>\n\n\n\n<div id=\"wp-block-themeisle-blocks-advanced-columns-c7a2d657\" class=\"wp-block-themeisle-blocks-advanced-columns has-1-columns has-desktop-equal-layout has-tablet-equal-layout has-mobile-equal-layout has-vertical-unset\"><div class=\"wp-block-themeisle-blocks-advanced-columns-overlay\"><\/div><div class=\"innerblocks-wrap\">\n<div id=\"wp-block-themeisle-blocks-advanced-column-239afec1\" class=\"wp-block-themeisle-blocks-advanced-column\">\n<p>Dieser Bereich ist der Schl\u00fcssel zur Entwicklung von hochkar\u00e4tigen Basketballspielern und Teams. Hier werden Talente geschliffen und zu echten Stars geformt und Andreas Zimmer hat sich dieser Herausforderung gestellt.<\/p>\n<\/div>\n<\/div><\/div>\n\n\n\n<div id=\"wp-block-themeisle-blocks-advanced-columns-c6a428a8\" class=\"wp-block-themeisle-blocks-advanced-columns has-1-columns has-desktop-equal-layout has-tablet-equal-layout has-mobile-equal-layout has-vertical-unset\"><div class=\"wp-block-themeisle-blocks-advanced-columns-overlay\"><\/div><div class=\"innerblocks-wrap\">\n<div id=\"wp-block-themeisle-blocks-advanced-column-34e31027\" class=\"wp-block-themeisle-blocks-advanced-column\">\n<figure class=\"wp-block-image size-large\"><img loading=\"lazy\" decoding=\"async\" width=\"1024\" height=\"768\" src=\"https:\/\/tsv-ettlingen.de\/tsv\/wp-content\/uploads\/2023\/10\/Herren1_1-1024x768.jpeg\" alt=\"\" class=\"wp-image-3239\" srcset=\"https:\/\/tsv-ettlingen.de\/tsv\/wp-content\/uploads\/2023\/10\/Herren1_1-1024x768.jpeg 1024w, https:\/\/tsv-ettlingen.de\/tsv\/wp-content\/uploads\/2023\/10\/Herren1_1-300x225.jpeg 300w, https:\/\/tsv-ettlingen.de\/tsv\/wp-content\/uploads\/2023\/10\/Herren1_1-768x576.jpeg 768w, https:\/\/tsv-ettlingen.de\/tsv\/wp-content\/uploads\/2023\/10\/Herren1_1-1536x1152.jpeg 1536w, https:\/\/tsv-ettlingen.de\/tsv\/wp-content\/uploads\/2023\/10\/Herren1_1-2048x1536.jpeg 2048w\" sizes=\"auto, (max-width: 1024px) 100vw, 1024px\" \/><\/figure>\n<\/div>\n<\/div><\/div>\n\n\n\n<div id=\"wp-block-themeisle-blocks-advanced-columns-c98271a9\" class=\"wp-block-themeisle-blocks-advanced-columns has-2-columns has-desktop-equal-layout has-tablet-equal-layout has-mobile-collapsedRows-layout has-vertical-unset\"><div class=\"wp-block-themeisle-blocks-advanced-columns-overlay\"><\/div><div class=\"innerblocks-wrap\">\n<div id=\"wp-block-themeisle-blocks-advanced-column-3c05e731\" class=\"wp-block-themeisle-blocks-advanced-column\">\n<p>Er fordert das Beste von seinen Spielern, aber er ist auch immer f\u00fcr sie da, wenn sie Unterst\u00fctzung brauchen. Sein Wissen vermittelt er mit Leidenschaft an seine Sch\u00fctzlinge. Aber es ist nicht nur sein Fachwissen, das ihn auszeichnet. Andreas Zimmer ist ein echter Teamplayer. Er versteht es, die individuellen St\u00e4rken seiner Spieler zu erkennen und sie zu einem harmonischen Ganzen zu formen. Er lehrt nicht nur Basketball, sondern auch Teamgeist und Fair Play. Unter seiner Leitung bl\u00fchten die Spieler des TSV Ettlingen auf und die Mannschaft erzielte in der Saison 2021\/2022 gro\u00dfartige Erfolge.<br>Die Auszeichnung zum Trainer des Jahres ist nicht nur eine Anerkennung f\u00fcr Andreas Zimmer, sondern auch f\u00fcr den gesamten TSV Ettlingen. Sie zeigt, dass dieser Verein nicht nur auf dem Spielfeld, sondern auch auf der Trainerbank herausragende Leistungen erbringt.<\/p>\n<\/div>\n\n\n\n<div id=\"wp-block-themeisle-blocks-advanced-column-6f755188\" class=\"wp-block-themeisle-blocks-advanced-column\">\n<figure class=\"wp-block-image size-large\"><img loading=\"lazy\" decoding=\"async\" width=\"683\" height=\"1024\" src=\"https:\/\/tsv-ettlingen.de\/tsv\/wp-content\/uploads\/2023\/10\/Andi-Zimmer2-683x1024.jpeg\" alt=\"\" class=\"wp-image-3237\" srcset=\"https:\/\/tsv-ettlingen.de\/tsv\/wp-content\/uploads\/2023\/10\/Andi-Zimmer2-683x1024.jpeg 683w, https:\/\/tsv-ettlingen.de\/tsv\/wp-content\/uploads\/2023\/10\/Andi-Zimmer2-200x300.jpeg 200w, https:\/\/tsv-ettlingen.de\/tsv\/wp-content\/uploads\/2023\/10\/Andi-Zimmer2-768x1152.jpeg 768w, https:\/\/tsv-ettlingen.de\/tsv\/wp-content\/uploads\/2023\/10\/Andi-Zimmer2-1024x1536.jpeg 1024w, https:\/\/tsv-ettlingen.de\/tsv\/wp-content\/uploads\/2023\/10\/Andi-Zimmer2-1365x2048.jpeg 1365w, https:\/\/tsv-ettlingen.de\/tsv\/wp-content\/uploads\/2023\/10\/Andi-Zimmer2-scaled.jpeg 1707w\" sizes=\"auto, (max-width: 683px) 100vw, 683px\" \/><\/figure>\n<\/div>\n<\/div><\/div>\n\n\n\n<div id=\"wp-block-themeisle-blocks-advanced-columns-cd42ee60\" class=\"wp-block-themeisle-blocks-advanced-columns has-1-columns has-desktop-equal-layout has-tablet-equal-layout has-mobile-equal-layout has-vertical-unset\"><div class=\"wp-block-themeisle-blocks-advanced-columns-overlay\"><\/div><div class=\"innerblocks-wrap\">\n<div id=\"wp-block-themeisle-blocks-advanced-column-92044c4e\" class=\"wp-block-themeisle-blocks-advanced-column\">\n<p>Wir gratulieren Andreas Zimmer zu dieser wohlverdienten Auszeichnung und sind gespannt darauf, welche gro\u00dfartigen Erfolge er und sein Team in den kommenden Saisons erzielen werden. Mit einem Trainer wie ihm sind die Zukunftsaussichten f\u00fcr den TSV Ettlingen mehr als vielversprechend. Wir sind stolz darauf, einen so talentierten und engagierten Trainer in unseren Reihen zu haben und freuen uns auf viele weitere Siege und Triumphe unter seiner Leitung.<\/p>\n<\/div>\n<\/div><\/div>\n","protected":false},"excerpt":{"rendered":"","protected":false},"author":9,"featured_media":3233,"comment_status":"open","ping_status":"open","sticky":false,"template":"","format":"standard","meta":{"neve_meta_sidebar":"","neve_meta_container":"","neve_meta_enable_content_width":"","neve_meta_content_width":0,"neve_meta_title_alignment":"","neve_meta_author_avatar":"","neve_post_elements_order":"","neve_meta_disable_header":"","neve_meta_disable_footer":"","neve_meta_disable_title":"","_themeisle_gutenberg_block_has_review":false,"footnotes":""},"categories":[1,18],"tags":[208,34,56,207],"class_list":["post-3232","post","type-post","status-publish","format-standard","has-post-thumbnail","hentry","category-allgemein","category-basketball","tag-andi-zimmer","tag-basketball","tag-herren-1","tag-trainer-des-jahres"],"yoast_head":"<!-- This site is optimized with the Yoast SEO plugin v27.5 - https:\/\/yoast.com\/product\/yoast-seo-wordpress\/ -->\n<title>Andreas Zimmer zum Trainer des Jahres ausgezeichnet - TSV Ettlingen<\/title>\n<meta name=\"description\" content=\"Andreas Zimmer wird Trainer des Jahres im Leistungsbereich. Dieser Bereich ist der Schl\u00fcssel zur Entwicklung von hochkar\u00e4tigen Basketballspielern und Teams.\" \/>\n<meta name=\"robots\" content=\"index, follow, max-snippet:-1, max-image-preview:large, max-video-preview:-1\" \/>\n<link rel=\"canonical\" href=\"https:\/\/tsv-ettlingen.de\/tsv\/andreas-zimmer-zum-trainer-des-jahres-ausgezeichnet\" \/>\n<meta property=\"og:locale\" content=\"de_DE\" \/>\n<meta property=\"og:type\" content=\"article\" \/>\n<meta property=\"og:title\" content=\"Andreas Zimmer zum Trainer des Jahres ausgezeichnet - TSV Ettlingen\" \/>\n<meta property=\"og:description\" content=\"Andreas Zimmer wird Trainer des Jahres im Leistungsbereich. Dieser Bereich ist der Schl\u00fcssel zur Entwicklung von hochkar\u00e4tigen Basketballspielern und Teams.\" \/>\n<meta property=\"og:url\" content=\"https:\/\/tsv-ettlingen.de\/tsv\/andreas-zimmer-zum-trainer-des-jahres-ausgezeichnet\" \/>\n<meta property=\"og:site_name\" content=\"TSV Ettlingen\" \/>\n<meta property=\"article:published_time\" content=\"2023-10-12T06:03:00+00:00\" \/>\n<meta property=\"og:image\" content=\"https:\/\/tsv-ettlingen.de\/tsv\/wp-content\/uploads\/2023\/10\/Herren1.jpeg\" \/>\n\t<meta property=\"og:image:width\" content=\"1200\" \/>\n\t<meta property=\"og:image:height\" content=\"900\" \/>\n\t<meta property=\"og:image:type\" content=\"image\/jpeg\" \/>\n<meta name=\"author\" content=\"Nina Skala\" \/>\n<meta name=\"twitter:card\" content=\"summary_large_image\" \/>\n<meta name=\"twitter:label1\" content=\"Verfasst von\" \/>\n\t<meta name=\"twitter:data1\" content=\"Nina Skala\" \/>\n\t<meta name=\"twitter:label2\" content=\"Gesch\u00e4tzte Lesezeit\" \/>\n\t<meta name=\"twitter:data2\" content=\"3\u00a0Minuten\" \/>\n<script type=\"application\/ld+json\" class=\"yoast-schema-graph\">{\"@context\":\"https:\\\/\\\/schema.org\",\"@graph\":[{\"@type\":\"Article\",\"@id\":\"https:\\\/\\\/tsv-ettlingen.de\\\/tsv\\\/andreas-zimmer-zum-trainer-des-jahres-ausgezeichnet#article\",\"isPartOf\":{\"@id\":\"https:\\\/\\\/tsv-ettlingen.de\\\/tsv\\\/andreas-zimmer-zum-trainer-des-jahres-ausgezeichnet\"},\"author\":{\"name\":\"Nina Skala\",\"@id\":\"https:\\\/\\\/tsv-ettlingen.de\\\/tsv\\\/#\\\/schema\\\/person\\\/4fe29ec5d992d5063165bd153dfa8f5a\"},\"headline\":\"Andreas Zimmer zum Trainer des Jahres ausgezeichnet\",\"datePublished\":\"2023-10-12T06:03:00+00:00\",\"mainEntityOfPage\":{\"@id\":\"https:\\\/\\\/tsv-ettlingen.de\\\/tsv\\\/andreas-zimmer-zum-trainer-des-jahres-ausgezeichnet\"},\"wordCount\":421,\"commentCount\":0,\"publisher\":{\"@id\":\"https:\\\/\\\/tsv-ettlingen.de\\\/tsv\\\/#organization\"},\"image\":{\"@id\":\"https:\\\/\\\/tsv-ettlingen.de\\\/tsv\\\/andreas-zimmer-zum-trainer-des-jahres-ausgezeichnet#primaryimage\"},\"thumbnailUrl\":\"https:\\\/\\\/tsv-ettlingen.de\\\/tsv\\\/wp-content\\\/uploads\\\/2023\\\/10\\\/Herren1.jpeg\",\"keywords\":[\"Andi Zimmer\",\"Basketball\",\"Herren 1\",\"Trainer des Jahres\"],\"articleSection\":{\"1\":\"Basketball\"},\"inLanguage\":\"de\",\"potentialAction\":[{\"@type\":\"CommentAction\",\"name\":\"Comment\",\"target\":[\"https:\\\/\\\/tsv-ettlingen.de\\\/tsv\\\/andreas-zimmer-zum-trainer-des-jahres-ausgezeichnet#respond\"]}]},{\"@type\":\"WebPage\",\"@id\":\"https:\\\/\\\/tsv-ettlingen.de\\\/tsv\\\/andreas-zimmer-zum-trainer-des-jahres-ausgezeichnet\",\"url\":\"https:\\\/\\\/tsv-ettlingen.de\\\/tsv\\\/andreas-zimmer-zum-trainer-des-jahres-ausgezeichnet\",\"name\":\"Andreas Zimmer zum Trainer des Jahres ausgezeichnet - TSV Ettlingen\",\"isPartOf\":{\"@id\":\"https:\\\/\\\/tsv-ettlingen.de\\\/tsv\\\/#website\"},\"primaryImageOfPage\":{\"@id\":\"https:\\\/\\\/tsv-ettlingen.de\\\/tsv\\\/andreas-zimmer-zum-trainer-des-jahres-ausgezeichnet#primaryimage\"},\"image\":{\"@id\":\"https:\\\/\\\/tsv-ettlingen.de\\\/tsv\\\/andreas-zimmer-zum-trainer-des-jahres-ausgezeichnet#primaryimage\"},\"thumbnailUrl\":\"https:\\\/\\\/tsv-ettlingen.de\\\/tsv\\\/wp-content\\\/uploads\\\/2023\\\/10\\\/Herren1.jpeg\",\"datePublished\":\"2023-10-12T06:03:00+00:00\",\"description\":\"Andreas Zimmer wird Trainer des Jahres im Leistungsbereich. Dieser Bereich ist der Schl\u00fcssel zur Entwicklung von hochkar\u00e4tigen Basketballspielern und Teams.\",\"breadcrumb\":{\"@id\":\"https:\\\/\\\/tsv-ettlingen.de\\\/tsv\\\/andreas-zimmer-zum-trainer-des-jahres-ausgezeichnet#breadcrumb\"},\"inLanguage\":\"de\",\"potentialAction\":[{\"@type\":\"ReadAction\",\"target\":[\"https:\\\/\\\/tsv-ettlingen.de\\\/tsv\\\/andreas-zimmer-zum-trainer-des-jahres-ausgezeichnet\"]}]},{\"@type\":\"ImageObject\",\"inLanguage\":\"de\",\"@id\":\"https:\\\/\\\/tsv-ettlingen.de\\\/tsv\\\/andreas-zimmer-zum-trainer-des-jahres-ausgezeichnet#primaryimage\",\"url\":\"https:\\\/\\\/tsv-ettlingen.de\\\/tsv\\\/wp-content\\\/uploads\\\/2023\\\/10\\\/Herren1.jpeg\",\"contentUrl\":\"https:\\\/\\\/tsv-ettlingen.de\\\/tsv\\\/wp-content\\\/uploads\\\/2023\\\/10\\\/Herren1.jpeg\",\"width\":1200,\"height\":900,\"caption\":\"Herren 1 mit Trainer Andreas Zimmer\"},{\"@type\":\"BreadcrumbList\",\"@id\":\"https:\\\/\\\/tsv-ettlingen.de\\\/tsv\\\/andreas-zimmer-zum-trainer-des-jahres-ausgezeichnet#breadcrumb\",\"itemListElement\":[{\"@type\":\"ListItem\",\"position\":1,\"name\":\"Startseite\",\"item\":\"https:\\\/\\\/tsv-ettlingen.de\\\/tsv\\\/\"},{\"@type\":\"ListItem\",\"position\":2,\"name\":\"Andreas Zimmer zum Trainer des Jahres ausgezeichnet\"}]},{\"@type\":\"WebSite\",\"@id\":\"https:\\\/\\\/tsv-ettlingen.de\\\/tsv\\\/#website\",\"url\":\"https:\\\/\\\/tsv-ettlingen.de\\\/tsv\\\/\",\"name\":\"TSV Ettlingen\",\"description\":\"Zusammenhalt leben!\",\"publisher\":{\"@id\":\"https:\\\/\\\/tsv-ettlingen.de\\\/tsv\\\/#organization\"},\"potentialAction\":[{\"@type\":\"SearchAction\",\"target\":{\"@type\":\"EntryPoint\",\"urlTemplate\":\"https:\\\/\\\/tsv-ettlingen.de\\\/tsv\\\/?s={search_term_string}\"},\"query-input\":{\"@type\":\"PropertyValueSpecification\",\"valueRequired\":true,\"valueName\":\"search_term_string\"}}],\"inLanguage\":\"de\"},{\"@type\":\"Organization\",\"@id\":\"https:\\\/\\\/tsv-ettlingen.de\\\/tsv\\\/#organization\",\"name\":\"TSV Ettlingen e.V.\",\"url\":\"https:\\\/\\\/tsv-ettlingen.de\\\/tsv\\\/\",\"logo\":{\"@type\":\"ImageObject\",\"inLanguage\":\"de\",\"@id\":\"https:\\\/\\\/tsv-ettlingen.de\\\/tsv\\\/#\\\/schema\\\/logo\\\/image\\\/\",\"url\":\"https:\\\/\\\/tsv-ettlingen.de\\\/tsv\\\/wp-content\\\/uploads\\\/2021\\\/05\\\/LOGO_Farbe.jpg\",\"contentUrl\":\"https:\\\/\\\/tsv-ettlingen.de\\\/tsv\\\/wp-content\\\/uploads\\\/2021\\\/05\\\/LOGO_Farbe.jpg\",\"width\":2008,\"height\":1181,\"caption\":\"TSV Ettlingen e.V.\"},\"image\":{\"@id\":\"https:\\\/\\\/tsv-ettlingen.de\\\/tsv\\\/#\\\/schema\\\/logo\\\/image\\\/\"},\"sameAs\":[\"https:\\\/\\\/www.instagram.com\\\/tsv_ettlingen\\\/\"]},{\"@type\":\"Person\",\"@id\":\"https:\\\/\\\/tsv-ettlingen.de\\\/tsv\\\/#\\\/schema\\\/person\\\/4fe29ec5d992d5063165bd153dfa8f5a\",\"name\":\"Nina Skala\",\"image\":{\"@type\":\"ImageObject\",\"inLanguage\":\"de\",\"@id\":\"https:\\\/\\\/secure.gravatar.com\\\/avatar\\\/213999610ce51a277c47ed9436e7468b593e7e2ccfccac0a98a78b3a688f3f60?s=96&d=mm&r=g\",\"url\":\"https:\\\/\\\/secure.gravatar.com\\\/avatar\\\/213999610ce51a277c47ed9436e7468b593e7e2ccfccac0a98a78b3a688f3f60?s=96&d=mm&r=g\",\"contentUrl\":\"https:\\\/\\\/secure.gravatar.com\\\/avatar\\\/213999610ce51a277c47ed9436e7468b593e7e2ccfccac0a98a78b3a688f3f60?s=96&d=mm&r=g\",\"caption\":\"Nina Skala\"},\"url\":\"https:\\\/\\\/tsv-ettlingen.de\\\/tsv\\\/author\\\/ninaskala\"}]}<\/script>\n<!-- \/ Yoast SEO plugin. -->","yoast_head_json":{"title":"Andreas Zimmer zum Trainer des Jahres ausgezeichnet - TSV Ettlingen","description":"Andreas Zimmer wird Trainer des Jahres im Leistungsbereich. Dieser Bereich ist der Schl\u00fcssel zur Entwicklung von hochkar\u00e4tigen Basketballspielern und Teams.","robots":{"index":"index","follow":"follow","max-snippet":"max-snippet:-1","max-image-preview":"max-image-preview:large","max-video-preview":"max-video-preview:-1"},"canonical":"https:\/\/tsv-ettlingen.de\/tsv\/andreas-zimmer-zum-trainer-des-jahres-ausgezeichnet","og_locale":"de_DE","og_type":"article","og_title":"Andreas Zimmer zum Trainer des Jahres ausgezeichnet - TSV Ettlingen","og_description":"Andreas Zimmer wird Trainer des Jahres im Leistungsbereich. Dieser Bereich ist der Schl\u00fcssel zur Entwicklung von hochkar\u00e4tigen Basketballspielern und Teams.","og_url":"https:\/\/tsv-ettlingen.de\/tsv\/andreas-zimmer-zum-trainer-des-jahres-ausgezeichnet","og_site_name":"TSV Ettlingen","article_published_time":"2023-10-12T06:03:00+00:00","og_image":[{"width":1200,"height":900,"url":"https:\/\/tsv-ettlingen.de\/tsv\/wp-content\/uploads\/2023\/10\/Herren1.jpeg","type":"image\/jpeg"}],"author":"Nina Skala","twitter_card":"summary_large_image","twitter_misc":{"Verfasst von":"Nina Skala","Gesch\u00e4tzte Lesezeit":"3\u00a0Minuten"},"schema":{"@context":"https:\/\/schema.org","@graph":[{"@type":"Article","@id":"https:\/\/tsv-ettlingen.de\/tsv\/andreas-zimmer-zum-trainer-des-jahres-ausgezeichnet#article","isPartOf":{"@id":"https:\/\/tsv-ettlingen.de\/tsv\/andreas-zimmer-zum-trainer-des-jahres-ausgezeichnet"},"author":{"name":"Nina Skala","@id":"https:\/\/tsv-ettlingen.de\/tsv\/#\/schema\/person\/4fe29ec5d992d5063165bd153dfa8f5a"},"headline":"Andreas Zimmer zum Trainer des Jahres ausgezeichnet","datePublished":"2023-10-12T06:03:00+00:00","mainEntityOfPage":{"@id":"https:\/\/tsv-ettlingen.de\/tsv\/andreas-zimmer-zum-trainer-des-jahres-ausgezeichnet"},"wordCount":421,"commentCount":0,"publisher":{"@id":"https:\/\/tsv-ettlingen.de\/tsv\/#organization"},"image":{"@id":"https:\/\/tsv-ettlingen.de\/tsv\/andreas-zimmer-zum-trainer-des-jahres-ausgezeichnet#primaryimage"},"thumbnailUrl":"https:\/\/tsv-ettlingen.de\/tsv\/wp-content\/uploads\/2023\/10\/Herren1.jpeg","keywords":["Andi Zimmer","Basketball","Herren 1","Trainer des Jahres"],"articleSection":{"1":"Basketball"},"inLanguage":"de","potentialAction":[{"@type":"CommentAction","name":"Comment","target":["https:\/\/tsv-ettlingen.de\/tsv\/andreas-zimmer-zum-trainer-des-jahres-ausgezeichnet#respond"]}]},{"@type":"WebPage","@id":"https:\/\/tsv-ettlingen.de\/tsv\/andreas-zimmer-zum-trainer-des-jahres-ausgezeichnet","url":"https:\/\/tsv-ettlingen.de\/tsv\/andreas-zimmer-zum-trainer-des-jahres-ausgezeichnet","name":"Andreas Zimmer zum Trainer des Jahres ausgezeichnet - TSV Ettlingen","isPartOf":{"@id":"https:\/\/tsv-ettlingen.de\/tsv\/#website"},"primaryImageOfPage":{"@id":"https:\/\/tsv-ettlingen.de\/tsv\/andreas-zimmer-zum-trainer-des-jahres-ausgezeichnet#primaryimage"},"image":{"@id":"https:\/\/tsv-ettlingen.de\/tsv\/andreas-zimmer-zum-trainer-des-jahres-ausgezeichnet#primaryimage"},"thumbnailUrl":"https:\/\/tsv-ettlingen.de\/tsv\/wp-content\/uploads\/2023\/10\/Herren1.jpeg","datePublished":"2023-10-12T06:03:00+00:00","description":"Andreas Zimmer wird Trainer des Jahres im Leistungsbereich. Dieser Bereich ist der Schl\u00fcssel zur Entwicklung von hochkar\u00e4tigen Basketballspielern und Teams.","breadcrumb":{"@id":"https:\/\/tsv-ettlingen.de\/tsv\/andreas-zimmer-zum-trainer-des-jahres-ausgezeichnet#breadcrumb"},"inLanguage":"de","potentialAction":[{"@type":"ReadAction","target":["https:\/\/tsv-ettlingen.de\/tsv\/andreas-zimmer-zum-trainer-des-jahres-ausgezeichnet"]}]},{"@type":"ImageObject","inLanguage":"de","@id":"https:\/\/tsv-ettlingen.de\/tsv\/andreas-zimmer-zum-trainer-des-jahres-ausgezeichnet#primaryimage","url":"https:\/\/tsv-ettlingen.de\/tsv\/wp-content\/uploads\/2023\/10\/Herren1.jpeg","contentUrl":"https:\/\/tsv-ettlingen.de\/tsv\/wp-content\/uploads\/2023\/10\/Herren1.jpeg","width":1200,"height":900,"caption":"Herren 1 mit Trainer Andreas Zimmer"},{"@type":"BreadcrumbList","@id":"https:\/\/tsv-ettlingen.de\/tsv\/andreas-zimmer-zum-trainer-des-jahres-ausgezeichnet#breadcrumb","itemListElement":[{"@type":"ListItem","position":1,"name":"Startseite","item":"https:\/\/tsv-ettlingen.de\/tsv\/"},{"@type":"ListItem","position":2,"name":"Andreas Zimmer zum Trainer des Jahres ausgezeichnet"}]},{"@type":"WebSite","@id":"https:\/\/tsv-ettlingen.de\/tsv\/#website","url":"https:\/\/tsv-ettlingen.de\/tsv\/","name":"TSV Ettlingen","description":"Zusammenhalt leben!","publisher":{"@id":"https:\/\/tsv-ettlingen.de\/tsv\/#organization"},"potentialAction":[{"@type":"SearchAction","target":{"@type":"EntryPoint","urlTemplate":"https:\/\/tsv-ettlingen.de\/tsv\/?s={search_term_string}"},"query-input":{"@type":"PropertyValueSpecification","valueRequired":true,"valueName":"search_term_string"}}],"inLanguage":"de"},{"@type":"Organization","@id":"https:\/\/tsv-ettlingen.de\/tsv\/#organization","name":"TSV Ettlingen e.V.","url":"https:\/\/tsv-ettlingen.de\/tsv\/","logo":{"@type":"ImageObject","inLanguage":"de","@id":"https:\/\/tsv-ettlingen.de\/tsv\/#\/schema\/logo\/image\/","url":"https:\/\/tsv-ettlingen.de\/tsv\/wp-content\/uploads\/2021\/05\/LOGO_Farbe.jpg","contentUrl":"https:\/\/tsv-ettlingen.de\/tsv\/wp-content\/uploads\/2021\/05\/LOGO_Farbe.jpg","width":2008,"height":1181,"caption":"TSV Ettlingen e.V."},"image":{"@id":"https:\/\/tsv-ettlingen.de\/tsv\/#\/schema\/logo\/image\/"},"sameAs":["https:\/\/www.instagram.com\/tsv_ettlingen\/"]},{"@type":"Person","@id":"https:\/\/tsv-ettlingen.de\/tsv\/#\/schema\/person\/4fe29ec5d992d5063165bd153dfa8f5a","name":"Nina Skala","image":{"@type":"ImageObject","inLanguage":"de","@id":"https:\/\/secure.gravatar.com\/avatar\/213999610ce51a277c47ed9436e7468b593e7e2ccfccac0a98a78b3a688f3f60?s=96&d=mm&r=g","url":"https:\/\/secure.gravatar.com\/avatar\/213999610ce51a277c47ed9436e7468b593e7e2ccfccac0a98a78b3a688f3f60?s=96&d=mm&r=g","contentUrl":"https:\/\/secure.gravatar.com\/avatar\/213999610ce51a277c47ed9436e7468b593e7e2ccfccac0a98a78b3a688f3f60?s=96&d=mm&r=g","caption":"Nina Skala"},"url":"https:\/\/tsv-ettlingen.de\/tsv\/author\/ninaskala"}]}},"_links":{"self":[{"href":"https:\/\/tsv-ettlingen.de\/tsv\/wp-json\/wp\/v2\/posts\/3232","targetHints":{"allow":["GET"]}}],"collection":[{"href":"https:\/\/tsv-ettlingen.de\/tsv\/wp-json\/wp\/v2\/posts"}],"about":[{"href":"https:\/\/tsv-ettlingen.de\/tsv\/wp-json\/wp\/v2\/types\/post"}],"author":[{"embeddable":true,"href":"https:\/\/tsv-ettlingen.de\/tsv\/wp-json\/wp\/v2\/users\/9"}],"replies":[{"embeddable":true,"href":"https:\/\/tsv-ettlingen.de\/tsv\/wp-json\/wp\/v2\/comments?post=3232"}],"version-history":[{"count":4,"href":"https:\/\/tsv-ettlingen.de\/tsv\/wp-json\/wp\/v2\/posts\/3232\/revisions"}],"predecessor-version":[{"id":3240,"href":"https:\/\/tsv-ettlingen.de\/tsv\/wp-json\/wp\/v2\/posts\/3232\/revisions\/3240"}],"wp:featuredmedia":[{"embeddable":true,"href":"https:\/\/tsv-ettlingen.de\/tsv\/wp-json\/wp\/v2\/media\/3233"}],"wp:attachment":[{"href":"https:\/\/tsv-ettlingen.de\/tsv\/wp-json\/wp\/v2\/media?parent=3232"}],"wp:term":[{"taxonomy":"category","embeddable":true,"href":"https:\/\/tsv-ettlingen.de\/tsv\/wp-json\/wp\/v2\/categories?post=3232"},{"taxonomy":"post_tag","embeddable":true,"href":"https:\/\/tsv-ettlingen.de\/tsv\/wp-json\/wp\/v2\/tags?post=3232"}],"curies":[{"name":"wp","href":"https:\/\/api.w.org\/{rel}","templated":true}]}}