{"id":3396,"date":"2023-12-04T19:52:52","date_gmt":"2023-12-04T18:52:52","guid":{"rendered":"https:\/\/tsv-ettlingen.de\/tsv\/?p=3396"},"modified":"2023-12-04T19:52:53","modified_gmt":"2023-12-04T18:52:53","slug":"vereint-an-die-tabellenspitze","status":"publish","type":"post","link":"https:\/\/tsv-ettlingen.de\/tsv\/vereint-an-die-tabellenspitze","title":{"rendered":"Vereint an die Tabellenspitze"},"content":{"rendered":"\n<p>In einem packenden Duell in der Kreisliga A zwischen dem TSV Ettlingen und dem Tabellenf\u00fchrer PSG Pforzheim konnte das Heimteam einen beeindruckenden Sieg einfahren. Vor heimischem Publikum gelang es dem TSV Ettlingen, die PSG Pforzheim mit 88:82 zu bezwingen. Mit diesem Erfolg sicherte sich das Team nicht nur wichtige Punkte, sondern nahm nun auch seine verdiente Position an der Tabellenspitze ein. <\/p>\n\n\n\n<p>Das Team musste durch die Erk\u00e4ltungswelle stark dezimiert antreten. Doch dank der Aushilfe aus der dritten Herrenmannschaft durch Joel Rau und den R\u00fcckkehrer Jens Schwennike konnte die Mannschaft dennoch gut aufgestellt ins Spiel gehen. Der Start des Spiels zeigte sich \u00e4u\u00dferst vielversprechend f\u00fcr die Ettlinger, die trotz der personellen Herausforderungen einen sehr fokussierten Beginn hinlegten. Nach den ersten vier Spielminuten lagen sie bereits mit 14:02 in F\u00fchrung. Die G\u00e4ste aus Pforzheim kamen jedoch besser ins Spiel, und es entwickelte sich ein offener Schlagabtausch. Der Halbzeitstand lautete 42:36 zugunsten der Gastgeber. <\/p>\n\n\n\n<p>Im dritten Viertel gab es einen kleinen Einbruch seitens der Ettlinger, der durch eine Auszeit erfolgreich beendet wurde. Danach gelang es dem Team, die F\u00fchrung wiederherzustellen, somit lautete der Spielstand nach dem dritten Viertel 63:61. In der 33. Spielminute gelang es den Ettlingern, sich mit 6 Punkten abzusetzen. Dieser Vorsprung wurde hart umk\u00e4mpft und konnte bis zum Endstand von 88:82 gehalten werden.<\/p>\n\n\n\n<p>Besonders erw\u00e4hnenswert waren dabei das Teamspiel und die individuelle Klasse von Konstantin Gahn sowie die beeindruckende Reboundleistung von Jonathan Finkbeiner. Jens Schwennike fand nach seiner R\u00fcckkehr sofort seine Rolle im Team und f\u00fcgte sich wunderbar ein, als w\u00e4re er nie weg gewesen. Die Spieler k\u00f6nnen stolz auf diese Leistung blicken, die nicht nur den Sieg gegen den Tabellenf\u00fchrer sicherte, sondern auch die Geschlossenheit und den Teamgeist der gesamten Mannschaft unterstrich.<\/p>\n\n\n\n<p><strong>TSV Ettlingen 2 &#8211; PSG Pforzheim<\/strong>&nbsp;<strong>88:82<\/strong><\/p>\n\n\n\n<p><strong>Viertelergebnisse:\u00a0<\/strong>25:18, 17:18, 21:25, 25:21<br><strong>Es spielten:<\/strong>\u00a0Konstantin Gahn (27 Punkte), Jonathan-Leon Finkbeiner (19), Jens Schwennike (13), Paul Heidt (11), David Mohr (7), Joel Rau (6), Samir Mujovi (5), Mario Holzinger und Marc Seidler<\/p>\n","protected":false},"excerpt":{"rendered":"<p>In einem packenden Duell in der Kreisliga A zwischen dem TSV Ettlingen und dem Tabellenf\u00fchrer PSG Pforzheim konnte das Heimteam einen beeindruckenden Sieg einfahren. Vor heimischem Publikum gelang es dem TSV Ettlingen, die PSG Pforzheim mit 88:82 zu bezwingen. Mit diesem Erfolg sicherte sich das Team nicht nur wichtige Punkte, sondern nahm nun auch seine&hellip;&nbsp;<a href=\"https:\/\/tsv-ettlingen.de\/tsv\/vereint-an-die-tabellenspitze\" rel=\"bookmark\">Weiterlesen &raquo;<span class=\"screen-reader-text\">Vereint an die Tabellenspitze<\/span><\/a><\/p>\n","protected":false},"author":9,"featured_media":0,"comment_status":"open","ping_status":"open","sticky":false,"template":"","format":"standard","meta":{"neve_meta_sidebar":"","neve_meta_container":"","neve_meta_enable_content_width":"","neve_meta_content_width":0,"neve_meta_title_alignment":"","neve_meta_author_avatar":"","neve_post_elements_order":"","neve_meta_disable_header":"","neve_meta_disable_footer":"","neve_meta_disable_title":"","_themeisle_gutenberg_block_has_review":false,"footnotes":""},"categories":[18],"tags":[216,41,209,231,53],"class_list":["post-3396","post","type-post","status-publish","format-standard","hentry","category-basketball","tag-heimsieg","tag-herren-2","tag-kreisliga-a","tag-psg-pforzheim","tag-tabellenfuehrer"],"yoast_head":"<!-- This site is optimized with the Yoast SEO plugin v27.5 - https:\/\/yoast.com\/product\/yoast-seo-wordpress\/ -->\n<title>Vereint an die Tabellenspitze - TSV Ettlingen<\/title>\n<meta name=\"description\" content=\"Im Kreisliga-Duell zwischen dem TSV Ettlingen und dem Tabellenf\u00fchrer PSG Pforzheim konnte das Heimteam einen beeindruckenden Sieg einfahren.\" \/>\n<meta name=\"robots\" content=\"index, follow, max-snippet:-1, max-image-preview:large, max-video-preview:-1\" \/>\n<link rel=\"canonical\" href=\"https:\/\/tsv-ettlingen.de\/tsv\/vereint-an-die-tabellenspitze\" \/>\n<meta property=\"og:locale\" content=\"de_DE\" \/>\n<meta property=\"og:type\" content=\"article\" \/>\n<meta property=\"og:title\" content=\"Vereint an die Tabellenspitze - TSV Ettlingen\" \/>\n<meta property=\"og:description\" content=\"Im Kreisliga-Duell zwischen dem TSV Ettlingen und dem Tabellenf\u00fchrer PSG Pforzheim konnte das Heimteam einen beeindruckenden Sieg einfahren.\" \/>\n<meta property=\"og:url\" content=\"https:\/\/tsv-ettlingen.de\/tsv\/vereint-an-die-tabellenspitze\" \/>\n<meta property=\"og:site_name\" content=\"TSV Ettlingen\" \/>\n<meta property=\"article:published_time\" content=\"2023-12-04T18:52:52+00:00\" \/>\n<meta property=\"article:modified_time\" content=\"2023-12-04T18:52:53+00:00\" \/>\n<meta name=\"author\" content=\"Nina Skala\" \/>\n<meta name=\"twitter:card\" content=\"summary_large_image\" \/>\n<meta name=\"twitter:label1\" content=\"Verfasst von\" \/>\n\t<meta name=\"twitter:data1\" content=\"Nina Skala\" \/>\n\t<meta name=\"twitter:label2\" content=\"Gesch\u00e4tzte Lesezeit\" \/>\n\t<meta name=\"twitter:data2\" content=\"2\u00a0Minuten\" \/>\n<script type=\"application\/ld+json\" class=\"yoast-schema-graph\">{\"@context\":\"https:\\\/\\\/schema.org\",\"@graph\":[{\"@type\":\"Article\",\"@id\":\"https:\\\/\\\/tsv-ettlingen.de\\\/tsv\\\/vereint-an-die-tabellenspitze#article\",\"isPartOf\":{\"@id\":\"https:\\\/\\\/tsv-ettlingen.de\\\/tsv\\\/vereint-an-die-tabellenspitze\"},\"author\":{\"name\":\"Nina Skala\",\"@id\":\"https:\\\/\\\/tsv-ettlingen.de\\\/tsv\\\/#\\\/schema\\\/person\\\/4fe29ec5d992d5063165bd153dfa8f5a\"},\"headline\":\"Vereint an die Tabellenspitze\",\"datePublished\":\"2023-12-04T18:52:52+00:00\",\"dateModified\":\"2023-12-04T18:52:53+00:00\",\"mainEntityOfPage\":{\"@id\":\"https:\\\/\\\/tsv-ettlingen.de\\\/tsv\\\/vereint-an-die-tabellenspitze\"},\"wordCount\":324,\"commentCount\":0,\"publisher\":{\"@id\":\"https:\\\/\\\/tsv-ettlingen.de\\\/tsv\\\/#organization\"},\"keywords\":[\"Heimsieg\",\"Herren 2\",\"Kreisliga A\",\"PSG Pforzheim\",\"Tabellenf\u00fchrer\"],\"articleSection\":[\"Basketball\"],\"inLanguage\":\"de\",\"potentialAction\":[{\"@type\":\"CommentAction\",\"name\":\"Comment\",\"target\":[\"https:\\\/\\\/tsv-ettlingen.de\\\/tsv\\\/vereint-an-die-tabellenspitze#respond\"]}]},{\"@type\":\"WebPage\",\"@id\":\"https:\\\/\\\/tsv-ettlingen.de\\\/tsv\\\/vereint-an-die-tabellenspitze\",\"url\":\"https:\\\/\\\/tsv-ettlingen.de\\\/tsv\\\/vereint-an-die-tabellenspitze\",\"name\":\"Vereint an die Tabellenspitze - TSV Ettlingen\",\"isPartOf\":{\"@id\":\"https:\\\/\\\/tsv-ettlingen.de\\\/tsv\\\/#website\"},\"datePublished\":\"2023-12-04T18:52:52+00:00\",\"dateModified\":\"2023-12-04T18:52:53+00:00\",\"description\":\"Im Kreisliga-Duell zwischen dem TSV Ettlingen und dem Tabellenf\u00fchrer PSG Pforzheim konnte das Heimteam einen beeindruckenden Sieg einfahren.\",\"breadcrumb\":{\"@id\":\"https:\\\/\\\/tsv-ettlingen.de\\\/tsv\\\/vereint-an-die-tabellenspitze#breadcrumb\"},\"inLanguage\":\"de\",\"potentialAction\":[{\"@type\":\"ReadAction\",\"target\":[\"https:\\\/\\\/tsv-ettlingen.de\\\/tsv\\\/vereint-an-die-tabellenspitze\"]}]},{\"@type\":\"BreadcrumbList\",\"@id\":\"https:\\\/\\\/tsv-ettlingen.de\\\/tsv\\\/vereint-an-die-tabellenspitze#breadcrumb\",\"itemListElement\":[{\"@type\":\"ListItem\",\"position\":1,\"name\":\"Startseite\",\"item\":\"https:\\\/\\\/tsv-ettlingen.de\\\/tsv\\\/\"},{\"@type\":\"ListItem\",\"position\":2,\"name\":\"Vereint an die Tabellenspitze\"}]},{\"@type\":\"WebSite\",\"@id\":\"https:\\\/\\\/tsv-ettlingen.de\\\/tsv\\\/#website\",\"url\":\"https:\\\/\\\/tsv-ettlingen.de\\\/tsv\\\/\",\"name\":\"TSV Ettlingen\",\"description\":\"Zusammenhalt leben!\",\"publisher\":{\"@id\":\"https:\\\/\\\/tsv-ettlingen.de\\\/tsv\\\/#organization\"},\"potentialAction\":[{\"@type\":\"SearchAction\",\"target\":{\"@type\":\"EntryPoint\",\"urlTemplate\":\"https:\\\/\\\/tsv-ettlingen.de\\\/tsv\\\/?s={search_term_string}\"},\"query-input\":{\"@type\":\"PropertyValueSpecification\",\"valueRequired\":true,\"valueName\":\"search_term_string\"}}],\"inLanguage\":\"de\"},{\"@type\":\"Organization\",\"@id\":\"https:\\\/\\\/tsv-ettlingen.de\\\/tsv\\\/#organization\",\"name\":\"TSV Ettlingen e.V.\",\"url\":\"https:\\\/\\\/tsv-ettlingen.de\\\/tsv\\\/\",\"logo\":{\"@type\":\"ImageObject\",\"inLanguage\":\"de\",\"@id\":\"https:\\\/\\\/tsv-ettlingen.de\\\/tsv\\\/#\\\/schema\\\/logo\\\/image\\\/\",\"url\":\"https:\\\/\\\/tsv-ettlingen.de\\\/tsv\\\/wp-content\\\/uploads\\\/2021\\\/05\\\/LOGO_Farbe.jpg\",\"contentUrl\":\"https:\\\/\\\/tsv-ettlingen.de\\\/tsv\\\/wp-content\\\/uploads\\\/2021\\\/05\\\/LOGO_Farbe.jpg\",\"width\":2008,\"height\":1181,\"caption\":\"TSV Ettlingen e.V.\"},\"image\":{\"@id\":\"https:\\\/\\\/tsv-ettlingen.de\\\/tsv\\\/#\\\/schema\\\/logo\\\/image\\\/\"},\"sameAs\":[\"https:\\\/\\\/www.instagram.com\\\/tsv_ettlingen\\\/\"]},{\"@type\":\"Person\",\"@id\":\"https:\\\/\\\/tsv-ettlingen.de\\\/tsv\\\/#\\\/schema\\\/person\\\/4fe29ec5d992d5063165bd153dfa8f5a\",\"name\":\"Nina Skala\",\"image\":{\"@type\":\"ImageObject\",\"inLanguage\":\"de\",\"@id\":\"https:\\\/\\\/secure.gravatar.com\\\/avatar\\\/213999610ce51a277c47ed9436e7468b593e7e2ccfccac0a98a78b3a688f3f60?s=96&d=mm&r=g\",\"url\":\"https:\\\/\\\/secure.gravatar.com\\\/avatar\\\/213999610ce51a277c47ed9436e7468b593e7e2ccfccac0a98a78b3a688f3f60?s=96&d=mm&r=g\",\"contentUrl\":\"https:\\\/\\\/secure.gravatar.com\\\/avatar\\\/213999610ce51a277c47ed9436e7468b593e7e2ccfccac0a98a78b3a688f3f60?s=96&d=mm&r=g\",\"caption\":\"Nina Skala\"},\"url\":\"https:\\\/\\\/tsv-ettlingen.de\\\/tsv\\\/author\\\/ninaskala\"}]}<\/script>\n<!-- \/ Yoast SEO plugin. -->","yoast_head_json":{"title":"Vereint an die Tabellenspitze - TSV Ettlingen","description":"Im Kreisliga-Duell zwischen dem TSV Ettlingen und dem Tabellenf\u00fchrer PSG Pforzheim konnte das Heimteam einen beeindruckenden Sieg einfahren.","robots":{"index":"index","follow":"follow","max-snippet":"max-snippet:-1","max-image-preview":"max-image-preview:large","max-video-preview":"max-video-preview:-1"},"canonical":"https:\/\/tsv-ettlingen.de\/tsv\/vereint-an-die-tabellenspitze","og_locale":"de_DE","og_type":"article","og_title":"Vereint an die Tabellenspitze - TSV Ettlingen","og_description":"Im Kreisliga-Duell zwischen dem TSV Ettlingen und dem Tabellenf\u00fchrer PSG Pforzheim konnte das Heimteam einen beeindruckenden Sieg einfahren.","og_url":"https:\/\/tsv-ettlingen.de\/tsv\/vereint-an-die-tabellenspitze","og_site_name":"TSV Ettlingen","article_published_time":"2023-12-04T18:52:52+00:00","article_modified_time":"2023-12-04T18:52:53+00:00","author":"Nina Skala","twitter_card":"summary_large_image","twitter_misc":{"Verfasst von":"Nina Skala","Gesch\u00e4tzte Lesezeit":"2\u00a0Minuten"},"schema":{"@context":"https:\/\/schema.org","@graph":[{"@type":"Article","@id":"https:\/\/tsv-ettlingen.de\/tsv\/vereint-an-die-tabellenspitze#article","isPartOf":{"@id":"https:\/\/tsv-ettlingen.de\/tsv\/vereint-an-die-tabellenspitze"},"author":{"name":"Nina Skala","@id":"https:\/\/tsv-ettlingen.de\/tsv\/#\/schema\/person\/4fe29ec5d992d5063165bd153dfa8f5a"},"headline":"Vereint an die Tabellenspitze","datePublished":"2023-12-04T18:52:52+00:00","dateModified":"2023-12-04T18:52:53+00:00","mainEntityOfPage":{"@id":"https:\/\/tsv-ettlingen.de\/tsv\/vereint-an-die-tabellenspitze"},"wordCount":324,"commentCount":0,"publisher":{"@id":"https:\/\/tsv-ettlingen.de\/tsv\/#organization"},"keywords":["Heimsieg","Herren 2","Kreisliga A","PSG Pforzheim","Tabellenf\u00fchrer"],"articleSection":["Basketball"],"inLanguage":"de","potentialAction":[{"@type":"CommentAction","name":"Comment","target":["https:\/\/tsv-ettlingen.de\/tsv\/vereint-an-die-tabellenspitze#respond"]}]},{"@type":"WebPage","@id":"https:\/\/tsv-ettlingen.de\/tsv\/vereint-an-die-tabellenspitze","url":"https:\/\/tsv-ettlingen.de\/tsv\/vereint-an-die-tabellenspitze","name":"Vereint an die Tabellenspitze - TSV Ettlingen","isPartOf":{"@id":"https:\/\/tsv-ettlingen.de\/tsv\/#website"},"datePublished":"2023-12-04T18:52:52+00:00","dateModified":"2023-12-04T18:52:53+00:00","description":"Im Kreisliga-Duell zwischen dem TSV Ettlingen und dem Tabellenf\u00fchrer PSG Pforzheim konnte das Heimteam einen beeindruckenden Sieg einfahren.","breadcrumb":{"@id":"https:\/\/tsv-ettlingen.de\/tsv\/vereint-an-die-tabellenspitze#breadcrumb"},"inLanguage":"de","potentialAction":[{"@type":"ReadAction","target":["https:\/\/tsv-ettlingen.de\/tsv\/vereint-an-die-tabellenspitze"]}]},{"@type":"BreadcrumbList","@id":"https:\/\/tsv-ettlingen.de\/tsv\/vereint-an-die-tabellenspitze#breadcrumb","itemListElement":[{"@type":"ListItem","position":1,"name":"Startseite","item":"https:\/\/tsv-ettlingen.de\/tsv\/"},{"@type":"ListItem","position":2,"name":"Vereint an die Tabellenspitze"}]},{"@type":"WebSite","@id":"https:\/\/tsv-ettlingen.de\/tsv\/#website","url":"https:\/\/tsv-ettlingen.de\/tsv\/","name":"TSV Ettlingen","description":"Zusammenhalt leben!","publisher":{"@id":"https:\/\/tsv-ettlingen.de\/tsv\/#organization"},"potentialAction":[{"@type":"SearchAction","target":{"@type":"EntryPoint","urlTemplate":"https:\/\/tsv-ettlingen.de\/tsv\/?s={search_term_string}"},"query-input":{"@type":"PropertyValueSpecification","valueRequired":true,"valueName":"search_term_string"}}],"inLanguage":"de"},{"@type":"Organization","@id":"https:\/\/tsv-ettlingen.de\/tsv\/#organization","name":"TSV Ettlingen e.V.","url":"https:\/\/tsv-ettlingen.de\/tsv\/","logo":{"@type":"ImageObject","inLanguage":"de","@id":"https:\/\/tsv-ettlingen.de\/tsv\/#\/schema\/logo\/image\/","url":"https:\/\/tsv-ettlingen.de\/tsv\/wp-content\/uploads\/2021\/05\/LOGO_Farbe.jpg","contentUrl":"https:\/\/tsv-ettlingen.de\/tsv\/wp-content\/uploads\/2021\/05\/LOGO_Farbe.jpg","width":2008,"height":1181,"caption":"TSV Ettlingen e.V."},"image":{"@id":"https:\/\/tsv-ettlingen.de\/tsv\/#\/schema\/logo\/image\/"},"sameAs":["https:\/\/www.instagram.com\/tsv_ettlingen\/"]},{"@type":"Person","@id":"https:\/\/tsv-ettlingen.de\/tsv\/#\/schema\/person\/4fe29ec5d992d5063165bd153dfa8f5a","name":"Nina Skala","image":{"@type":"ImageObject","inLanguage":"de","@id":"https:\/\/secure.gravatar.com\/avatar\/213999610ce51a277c47ed9436e7468b593e7e2ccfccac0a98a78b3a688f3f60?s=96&d=mm&r=g","url":"https:\/\/secure.gravatar.com\/avatar\/213999610ce51a277c47ed9436e7468b593e7e2ccfccac0a98a78b3a688f3f60?s=96&d=mm&r=g","contentUrl":"https:\/\/secure.gravatar.com\/avatar\/213999610ce51a277c47ed9436e7468b593e7e2ccfccac0a98a78b3a688f3f60?s=96&d=mm&r=g","caption":"Nina Skala"},"url":"https:\/\/tsv-ettlingen.de\/tsv\/author\/ninaskala"}]}},"_links":{"self":[{"href":"https:\/\/tsv-ettlingen.de\/tsv\/wp-json\/wp\/v2\/posts\/3396","targetHints":{"allow":["GET"]}}],"collection":[{"href":"https:\/\/tsv-ettlingen.de\/tsv\/wp-json\/wp\/v2\/posts"}],"about":[{"href":"https:\/\/tsv-ettlingen.de\/tsv\/wp-json\/wp\/v2\/types\/post"}],"author":[{"embeddable":true,"href":"https:\/\/tsv-ettlingen.de\/tsv\/wp-json\/wp\/v2\/users\/9"}],"replies":[{"embeddable":true,"href":"https:\/\/tsv-ettlingen.de\/tsv\/wp-json\/wp\/v2\/comments?post=3396"}],"version-history":[{"count":1,"href":"https:\/\/tsv-ettlingen.de\/tsv\/wp-json\/wp\/v2\/posts\/3396\/revisions"}],"predecessor-version":[{"id":3397,"href":"https:\/\/tsv-ettlingen.de\/tsv\/wp-json\/wp\/v2\/posts\/3396\/revisions\/3397"}],"wp:attachment":[{"href":"https:\/\/tsv-ettlingen.de\/tsv\/wp-json\/wp\/v2\/media?parent=3396"}],"wp:term":[{"taxonomy":"category","embeddable":true,"href":"https:\/\/tsv-ettlingen.de\/tsv\/wp-json\/wp\/v2\/categories?post=3396"},{"taxonomy":"post_tag","embeddable":true,"href":"https:\/\/tsv-ettlingen.de\/tsv\/wp-json\/wp\/v2\/tags?post=3396"}],"curies":[{"name":"wp","href":"https:\/\/api.w.org\/{rel}","templated":true}]}}