{"id":3458,"date":"2024-01-18T14:56:22","date_gmt":"2024-01-18T13:56:22","guid":{"rendered":"https:\/\/tsv-ettlingen.de\/tsv\/?p=3458"},"modified":"2024-01-29T14:58:34","modified_gmt":"2024-01-29T13:58:34","slug":"uebungsleiterin-trainerin-gesucht-fuer-kinderturnen","status":"publish","type":"post","link":"https:\/\/tsv-ettlingen.de\/tsv\/uebungsleiterin-trainerin-gesucht-fuer-kinderturnen","title":{"rendered":"\u00dcbungsleiterIn \/ TrainerIn gesucht f\u00fcr Kinderturnen"},"content":{"rendered":"\n<p><strong>Der TSV Ettlingen sucht dich!&nbsp;<\/strong><\/p>\n\n\n\n<p>Bist du engagiert und motiviert, hast Spa\u00df am Kinderturnen und m\u00f6chtest unser Team verst\u00e4rken? F\u00fcr folgende Gruppen brauchen wir Unterst\u00fctzung:<\/p>\n\n\n\n<p><strong>Dienstag:<\/strong><\/p>\n\n\n\n<ul class=\"wp-block-list\">\n<li>16.00 \u2013 17.00 Uhr (3\u20135 Jahre)<\/li>\n\n\n\n<li>17.15 \u2013 18.15 Uhr (ab 6 Jahre)<\/li>\n<\/ul>\n\n\n\n<p><strong>Donnerstag:<\/strong><\/p>\n\n\n\n<ul class=\"wp-block-list\">\n<li>15.00 \u2013 16.00 Uhr (3\u20135 Jahre)<\/li>\n\n\n\n<li>16.15 \u2013 17.15 Uhr (ab 6 Jahre)<br>(In den Schulferien findet kein Kinderturnen statt)<\/li>\n<\/ul>\n\n\n\n<p><strong>Flexibilit\u00e4t erw\u00fcnscht:<\/strong><br>Du kannst beide Nachmittage \u00fcbernehmen, aber auch gerne nur einen Tag pro Woche.<\/p>\n\n\n\n<p><strong>Unterst\u00fctzung vorhanden:<\/strong><br>Unsere aktuelle FSJlerin steht dir zur Seite und unterst\u00fctzt bei allen Einheiten.<\/p>\n\n\n\n<p><strong>Kontakt:<\/strong><br>Interessiert? Schick uns eine E-Mail an&nbsp;<em>kindersport@tsv-ettlingen.de<\/em>&nbsp;oder ruf uns an unter Tel. 0175 6157672.<br>Unsere Jugendleiterin Michaela Jancke freut sich auf das erste Gespr\u00e4ch mit dir.<\/p>\n\n\n\n<p>Bewirb dich jetzt und werde Teil unseres lebendigen Teams beim TSV Ettlingen!<\/p>\n\n\n\n<p><strong>#Zusammenhaltleben<\/strong><\/p>\n","protected":false},"excerpt":{"rendered":"<p>Der TSV Ettlingen sucht dich!&nbsp; Bist du engagiert und motiviert, hast Spa\u00df am Kinderturnen und m\u00f6chtest unser Team verst\u00e4rken? F\u00fcr folgende Gruppen brauchen wir Unterst\u00fctzung: Dienstag: Donnerstag: Flexibilit\u00e4t erw\u00fcnscht:Du kannst beide Nachmittage \u00fcbernehmen, aber auch gerne nur einen Tag pro Woche. Unterst\u00fctzung vorhanden:Unsere aktuelle FSJlerin steht dir zur Seite und unterst\u00fctzt bei allen Einheiten. Kontakt:Interessiert?&hellip;&nbsp;<a href=\"https:\/\/tsv-ettlingen.de\/tsv\/uebungsleiterin-trainerin-gesucht-fuer-kinderturnen\" rel=\"bookmark\">Weiterlesen &raquo;<span class=\"screen-reader-text\">\u00dcbungsleiterIn \/ TrainerIn gesucht f\u00fcr Kinderturnen<\/span><\/a><\/p>\n","protected":false},"author":9,"featured_media":0,"comment_status":"open","ping_status":"open","sticky":false,"template":"","format":"standard","meta":{"neve_meta_sidebar":"","neve_meta_container":"","neve_meta_enable_content_width":"","neve_meta_content_width":0,"neve_meta_title_alignment":"","neve_meta_author_avatar":"","neve_post_elements_order":"","neve_meta_disable_header":"","neve_meta_disable_footer":"","neve_meta_disable_title":"","_themeisle_gutenberg_block_has_review":false,"footnotes":""},"categories":[1,46],"tags":[151,243,244],"class_list":["post-3458","post","type-post","status-publish","format-standard","hentry","category-allgemein","category-kindersport","tag-kinderturnen","tag-trainerin-gesucht","tag-unterstuetzung"],"yoast_head":"<!-- This site is optimized with the Yoast SEO plugin v27.5 - https:\/\/yoast.com\/product\/yoast-seo-wordpress\/ -->\n<title>\u00dcbungsleiterIn \/ TrainerIn gesucht f\u00fcr Kinderturnen - TSV Ettlingen<\/title>\n<meta name=\"description\" content=\"Bist du engagiert und motiviert, hast Spa\u00df am Kinderturnen und m\u00f6chtest unser Team verst\u00e4rken? Dann melde dich bei uns!\" \/>\n<meta name=\"robots\" content=\"index, follow, max-snippet:-1, max-image-preview:large, max-video-preview:-1\" \/>\n<link rel=\"canonical\" href=\"https:\/\/tsv-ettlingen.de\/tsv\/uebungsleiterin-trainerin-gesucht-fuer-kinderturnen\" \/>\n<meta property=\"og:locale\" content=\"de_DE\" \/>\n<meta property=\"og:type\" content=\"article\" \/>\n<meta property=\"og:title\" content=\"\u00dcbungsleiterIn \/ TrainerIn gesucht f\u00fcr Kinderturnen - TSV Ettlingen\" \/>\n<meta property=\"og:description\" content=\"Bist du engagiert und motiviert, hast Spa\u00df am Kinderturnen und m\u00f6chtest unser Team verst\u00e4rken? Dann melde dich bei uns!\" \/>\n<meta property=\"og:url\" content=\"https:\/\/tsv-ettlingen.de\/tsv\/uebungsleiterin-trainerin-gesucht-fuer-kinderturnen\" \/>\n<meta property=\"og:site_name\" content=\"TSV Ettlingen\" \/>\n<meta property=\"article:published_time\" content=\"2024-01-18T13:56:22+00:00\" \/>\n<meta property=\"article:modified_time\" content=\"2024-01-29T13:58:34+00:00\" \/>\n<meta name=\"author\" content=\"Nina Skala\" \/>\n<meta name=\"twitter:card\" content=\"summary_large_image\" \/>\n<meta name=\"twitter:label1\" content=\"Verfasst von\" \/>\n\t<meta name=\"twitter:data1\" content=\"Nina Skala\" \/>\n\t<meta name=\"twitter:label2\" content=\"Gesch\u00e4tzte Lesezeit\" \/>\n\t<meta name=\"twitter:data2\" content=\"1\u00a0Minute\" \/>\n<script type=\"application\/ld+json\" class=\"yoast-schema-graph\">{\"@context\":\"https:\\\/\\\/schema.org\",\"@graph\":[{\"@type\":\"Article\",\"@id\":\"https:\\\/\\\/tsv-ettlingen.de\\\/tsv\\\/uebungsleiterin-trainerin-gesucht-fuer-kinderturnen#article\",\"isPartOf\":{\"@id\":\"https:\\\/\\\/tsv-ettlingen.de\\\/tsv\\\/uebungsleiterin-trainerin-gesucht-fuer-kinderturnen\"},\"author\":{\"name\":\"Nina Skala\",\"@id\":\"https:\\\/\\\/tsv-ettlingen.de\\\/tsv\\\/#\\\/schema\\\/person\\\/4fe29ec5d992d5063165bd153dfa8f5a\"},\"headline\":\"\u00dcbungsleiterIn \\\/ TrainerIn gesucht f\u00fcr Kinderturnen\",\"datePublished\":\"2024-01-18T13:56:22+00:00\",\"dateModified\":\"2024-01-29T13:58:34+00:00\",\"mainEntityOfPage\":{\"@id\":\"https:\\\/\\\/tsv-ettlingen.de\\\/tsv\\\/uebungsleiterin-trainerin-gesucht-fuer-kinderturnen\"},\"wordCount\":132,\"commentCount\":0,\"publisher\":{\"@id\":\"https:\\\/\\\/tsv-ettlingen.de\\\/tsv\\\/#organization\"},\"keywords\":[\"Kinderturnen\",\"TrainerIn gesucht\",\"Unterst\u00fctzung\"],\"articleSection\":{\"1\":\"Kindersport\"},\"inLanguage\":\"de\",\"potentialAction\":[{\"@type\":\"CommentAction\",\"name\":\"Comment\",\"target\":[\"https:\\\/\\\/tsv-ettlingen.de\\\/tsv\\\/uebungsleiterin-trainerin-gesucht-fuer-kinderturnen#respond\"]}]},{\"@type\":\"WebPage\",\"@id\":\"https:\\\/\\\/tsv-ettlingen.de\\\/tsv\\\/uebungsleiterin-trainerin-gesucht-fuer-kinderturnen\",\"url\":\"https:\\\/\\\/tsv-ettlingen.de\\\/tsv\\\/uebungsleiterin-trainerin-gesucht-fuer-kinderturnen\",\"name\":\"\u00dcbungsleiterIn \\\/ TrainerIn gesucht f\u00fcr Kinderturnen - TSV Ettlingen\",\"isPartOf\":{\"@id\":\"https:\\\/\\\/tsv-ettlingen.de\\\/tsv\\\/#website\"},\"datePublished\":\"2024-01-18T13:56:22+00:00\",\"dateModified\":\"2024-01-29T13:58:34+00:00\",\"description\":\"Bist du engagiert und motiviert, hast Spa\u00df am Kinderturnen und m\u00f6chtest unser Team verst\u00e4rken? Dann melde dich bei uns!\",\"breadcrumb\":{\"@id\":\"https:\\\/\\\/tsv-ettlingen.de\\\/tsv\\\/uebungsleiterin-trainerin-gesucht-fuer-kinderturnen#breadcrumb\"},\"inLanguage\":\"de\",\"potentialAction\":[{\"@type\":\"ReadAction\",\"target\":[\"https:\\\/\\\/tsv-ettlingen.de\\\/tsv\\\/uebungsleiterin-trainerin-gesucht-fuer-kinderturnen\"]}]},{\"@type\":\"BreadcrumbList\",\"@id\":\"https:\\\/\\\/tsv-ettlingen.de\\\/tsv\\\/uebungsleiterin-trainerin-gesucht-fuer-kinderturnen#breadcrumb\",\"itemListElement\":[{\"@type\":\"ListItem\",\"position\":1,\"name\":\"Startseite\",\"item\":\"https:\\\/\\\/tsv-ettlingen.de\\\/tsv\\\/\"},{\"@type\":\"ListItem\",\"position\":2,\"name\":\"\u00dcbungsleiterIn \\\/ TrainerIn gesucht f\u00fcr Kinderturnen\"}]},{\"@type\":\"WebSite\",\"@id\":\"https:\\\/\\\/tsv-ettlingen.de\\\/tsv\\\/#website\",\"url\":\"https:\\\/\\\/tsv-ettlingen.de\\\/tsv\\\/\",\"name\":\"TSV Ettlingen\",\"description\":\"Zusammenhalt leben!\",\"publisher\":{\"@id\":\"https:\\\/\\\/tsv-ettlingen.de\\\/tsv\\\/#organization\"},\"potentialAction\":[{\"@type\":\"SearchAction\",\"target\":{\"@type\":\"EntryPoint\",\"urlTemplate\":\"https:\\\/\\\/tsv-ettlingen.de\\\/tsv\\\/?s={search_term_string}\"},\"query-input\":{\"@type\":\"PropertyValueSpecification\",\"valueRequired\":true,\"valueName\":\"search_term_string\"}}],\"inLanguage\":\"de\"},{\"@type\":\"Organization\",\"@id\":\"https:\\\/\\\/tsv-ettlingen.de\\\/tsv\\\/#organization\",\"name\":\"TSV Ettlingen e.V.\",\"url\":\"https:\\\/\\\/tsv-ettlingen.de\\\/tsv\\\/\",\"logo\":{\"@type\":\"ImageObject\",\"inLanguage\":\"de\",\"@id\":\"https:\\\/\\\/tsv-ettlingen.de\\\/tsv\\\/#\\\/schema\\\/logo\\\/image\\\/\",\"url\":\"https:\\\/\\\/tsv-ettlingen.de\\\/tsv\\\/wp-content\\\/uploads\\\/2021\\\/05\\\/LOGO_Farbe.jpg\",\"contentUrl\":\"https:\\\/\\\/tsv-ettlingen.de\\\/tsv\\\/wp-content\\\/uploads\\\/2021\\\/05\\\/LOGO_Farbe.jpg\",\"width\":2008,\"height\":1181,\"caption\":\"TSV Ettlingen e.V.\"},\"image\":{\"@id\":\"https:\\\/\\\/tsv-ettlingen.de\\\/tsv\\\/#\\\/schema\\\/logo\\\/image\\\/\"},\"sameAs\":[\"https:\\\/\\\/www.instagram.com\\\/tsv_ettlingen\\\/\"]},{\"@type\":\"Person\",\"@id\":\"https:\\\/\\\/tsv-ettlingen.de\\\/tsv\\\/#\\\/schema\\\/person\\\/4fe29ec5d992d5063165bd153dfa8f5a\",\"name\":\"Nina Skala\",\"image\":{\"@type\":\"ImageObject\",\"inLanguage\":\"de\",\"@id\":\"https:\\\/\\\/secure.gravatar.com\\\/avatar\\\/213999610ce51a277c47ed9436e7468b593e7e2ccfccac0a98a78b3a688f3f60?s=96&d=mm&r=g\",\"url\":\"https:\\\/\\\/secure.gravatar.com\\\/avatar\\\/213999610ce51a277c47ed9436e7468b593e7e2ccfccac0a98a78b3a688f3f60?s=96&d=mm&r=g\",\"contentUrl\":\"https:\\\/\\\/secure.gravatar.com\\\/avatar\\\/213999610ce51a277c47ed9436e7468b593e7e2ccfccac0a98a78b3a688f3f60?s=96&d=mm&r=g\",\"caption\":\"Nina Skala\"},\"url\":\"https:\\\/\\\/tsv-ettlingen.de\\\/tsv\\\/author\\\/ninaskala\"}]}<\/script>\n<!-- \/ Yoast SEO plugin. -->","yoast_head_json":{"title":"\u00dcbungsleiterIn \/ TrainerIn gesucht f\u00fcr Kinderturnen - TSV Ettlingen","description":"Bist du engagiert und motiviert, hast Spa\u00df am Kinderturnen und m\u00f6chtest unser Team verst\u00e4rken? Dann melde dich bei uns!","robots":{"index":"index","follow":"follow","max-snippet":"max-snippet:-1","max-image-preview":"max-image-preview:large","max-video-preview":"max-video-preview:-1"},"canonical":"https:\/\/tsv-ettlingen.de\/tsv\/uebungsleiterin-trainerin-gesucht-fuer-kinderturnen","og_locale":"de_DE","og_type":"article","og_title":"\u00dcbungsleiterIn \/ TrainerIn gesucht f\u00fcr Kinderturnen - TSV Ettlingen","og_description":"Bist du engagiert und motiviert, hast Spa\u00df am Kinderturnen und m\u00f6chtest unser Team verst\u00e4rken? Dann melde dich bei uns!","og_url":"https:\/\/tsv-ettlingen.de\/tsv\/uebungsleiterin-trainerin-gesucht-fuer-kinderturnen","og_site_name":"TSV Ettlingen","article_published_time":"2024-01-18T13:56:22+00:00","article_modified_time":"2024-01-29T13:58:34+00:00","author":"Nina Skala","twitter_card":"summary_large_image","twitter_misc":{"Verfasst von":"Nina Skala","Gesch\u00e4tzte Lesezeit":"1\u00a0Minute"},"schema":{"@context":"https:\/\/schema.org","@graph":[{"@type":"Article","@id":"https:\/\/tsv-ettlingen.de\/tsv\/uebungsleiterin-trainerin-gesucht-fuer-kinderturnen#article","isPartOf":{"@id":"https:\/\/tsv-ettlingen.de\/tsv\/uebungsleiterin-trainerin-gesucht-fuer-kinderturnen"},"author":{"name":"Nina Skala","@id":"https:\/\/tsv-ettlingen.de\/tsv\/#\/schema\/person\/4fe29ec5d992d5063165bd153dfa8f5a"},"headline":"\u00dcbungsleiterIn \/ TrainerIn gesucht f\u00fcr Kinderturnen","datePublished":"2024-01-18T13:56:22+00:00","dateModified":"2024-01-29T13:58:34+00:00","mainEntityOfPage":{"@id":"https:\/\/tsv-ettlingen.de\/tsv\/uebungsleiterin-trainerin-gesucht-fuer-kinderturnen"},"wordCount":132,"commentCount":0,"publisher":{"@id":"https:\/\/tsv-ettlingen.de\/tsv\/#organization"},"keywords":["Kinderturnen","TrainerIn gesucht","Unterst\u00fctzung"],"articleSection":{"1":"Kindersport"},"inLanguage":"de","potentialAction":[{"@type":"CommentAction","name":"Comment","target":["https:\/\/tsv-ettlingen.de\/tsv\/uebungsleiterin-trainerin-gesucht-fuer-kinderturnen#respond"]}]},{"@type":"WebPage","@id":"https:\/\/tsv-ettlingen.de\/tsv\/uebungsleiterin-trainerin-gesucht-fuer-kinderturnen","url":"https:\/\/tsv-ettlingen.de\/tsv\/uebungsleiterin-trainerin-gesucht-fuer-kinderturnen","name":"\u00dcbungsleiterIn \/ TrainerIn gesucht f\u00fcr Kinderturnen - TSV Ettlingen","isPartOf":{"@id":"https:\/\/tsv-ettlingen.de\/tsv\/#website"},"datePublished":"2024-01-18T13:56:22+00:00","dateModified":"2024-01-29T13:58:34+00:00","description":"Bist du engagiert und motiviert, hast Spa\u00df am Kinderturnen und m\u00f6chtest unser Team verst\u00e4rken? Dann melde dich bei uns!","breadcrumb":{"@id":"https:\/\/tsv-ettlingen.de\/tsv\/uebungsleiterin-trainerin-gesucht-fuer-kinderturnen#breadcrumb"},"inLanguage":"de","potentialAction":[{"@type":"ReadAction","target":["https:\/\/tsv-ettlingen.de\/tsv\/uebungsleiterin-trainerin-gesucht-fuer-kinderturnen"]}]},{"@type":"BreadcrumbList","@id":"https:\/\/tsv-ettlingen.de\/tsv\/uebungsleiterin-trainerin-gesucht-fuer-kinderturnen#breadcrumb","itemListElement":[{"@type":"ListItem","position":1,"name":"Startseite","item":"https:\/\/tsv-ettlingen.de\/tsv\/"},{"@type":"ListItem","position":2,"name":"\u00dcbungsleiterIn \/ TrainerIn gesucht f\u00fcr Kinderturnen"}]},{"@type":"WebSite","@id":"https:\/\/tsv-ettlingen.de\/tsv\/#website","url":"https:\/\/tsv-ettlingen.de\/tsv\/","name":"TSV Ettlingen","description":"Zusammenhalt leben!","publisher":{"@id":"https:\/\/tsv-ettlingen.de\/tsv\/#organization"},"potentialAction":[{"@type":"SearchAction","target":{"@type":"EntryPoint","urlTemplate":"https:\/\/tsv-ettlingen.de\/tsv\/?s={search_term_string}"},"query-input":{"@type":"PropertyValueSpecification","valueRequired":true,"valueName":"search_term_string"}}],"inLanguage":"de"},{"@type":"Organization","@id":"https:\/\/tsv-ettlingen.de\/tsv\/#organization","name":"TSV Ettlingen e.V.","url":"https:\/\/tsv-ettlingen.de\/tsv\/","logo":{"@type":"ImageObject","inLanguage":"de","@id":"https:\/\/tsv-ettlingen.de\/tsv\/#\/schema\/logo\/image\/","url":"https:\/\/tsv-ettlingen.de\/tsv\/wp-content\/uploads\/2021\/05\/LOGO_Farbe.jpg","contentUrl":"https:\/\/tsv-ettlingen.de\/tsv\/wp-content\/uploads\/2021\/05\/LOGO_Farbe.jpg","width":2008,"height":1181,"caption":"TSV Ettlingen e.V."},"image":{"@id":"https:\/\/tsv-ettlingen.de\/tsv\/#\/schema\/logo\/image\/"},"sameAs":["https:\/\/www.instagram.com\/tsv_ettlingen\/"]},{"@type":"Person","@id":"https:\/\/tsv-ettlingen.de\/tsv\/#\/schema\/person\/4fe29ec5d992d5063165bd153dfa8f5a","name":"Nina Skala","image":{"@type":"ImageObject","inLanguage":"de","@id":"https:\/\/secure.gravatar.com\/avatar\/213999610ce51a277c47ed9436e7468b593e7e2ccfccac0a98a78b3a688f3f60?s=96&d=mm&r=g","url":"https:\/\/secure.gravatar.com\/avatar\/213999610ce51a277c47ed9436e7468b593e7e2ccfccac0a98a78b3a688f3f60?s=96&d=mm&r=g","contentUrl":"https:\/\/secure.gravatar.com\/avatar\/213999610ce51a277c47ed9436e7468b593e7e2ccfccac0a98a78b3a688f3f60?s=96&d=mm&r=g","caption":"Nina Skala"},"url":"https:\/\/tsv-ettlingen.de\/tsv\/author\/ninaskala"}]}},"_links":{"self":[{"href":"https:\/\/tsv-ettlingen.de\/tsv\/wp-json\/wp\/v2\/posts\/3458","targetHints":{"allow":["GET"]}}],"collection":[{"href":"https:\/\/tsv-ettlingen.de\/tsv\/wp-json\/wp\/v2\/posts"}],"about":[{"href":"https:\/\/tsv-ettlingen.de\/tsv\/wp-json\/wp\/v2\/types\/post"}],"author":[{"embeddable":true,"href":"https:\/\/tsv-ettlingen.de\/tsv\/wp-json\/wp\/v2\/users\/9"}],"replies":[{"embeddable":true,"href":"https:\/\/tsv-ettlingen.de\/tsv\/wp-json\/wp\/v2\/comments?post=3458"}],"version-history":[{"count":1,"href":"https:\/\/tsv-ettlingen.de\/tsv\/wp-json\/wp\/v2\/posts\/3458\/revisions"}],"predecessor-version":[{"id":3459,"href":"https:\/\/tsv-ettlingen.de\/tsv\/wp-json\/wp\/v2\/posts\/3458\/revisions\/3459"}],"wp:attachment":[{"href":"https:\/\/tsv-ettlingen.de\/tsv\/wp-json\/wp\/v2\/media?parent=3458"}],"wp:term":[{"taxonomy":"category","embeddable":true,"href":"https:\/\/tsv-ettlingen.de\/tsv\/wp-json\/wp\/v2\/categories?post=3458"},{"taxonomy":"post_tag","embeddable":true,"href":"https:\/\/tsv-ettlingen.de\/tsv\/wp-json\/wp\/v2\/tags?post=3458"}],"curies":[{"name":"wp","href":"https:\/\/api.w.org\/{rel}","templated":true}]}}