{"id":3556,"date":"2024-04-03T22:13:00","date_gmt":"2024-04-03T20:13:00","guid":{"rendered":"https:\/\/tsv-ettlingen.de\/tsv\/?p=3556"},"modified":"2024-05-21T15:47:13","modified_gmt":"2024-05-21T13:47:13","slug":"nelly-becker-verabschiedet-sich-vom-tsv","status":"publish","type":"post","link":"https:\/\/tsv-ettlingen.de\/tsv\/nelly-becker-verabschiedet-sich-vom-tsv","title":{"rendered":"Nelly Becker verabschiedet sich vom TSV"},"content":{"rendered":"\n<p>Nelly Becker macht seit September 2023 ihr Freiwilliges Soziales Jahr (FSJ) beim TSV Ettlingen. Aus einem ganzen Jahr wurde ein halbes. Wir haben uns mit Nelly getroffen, um \u00fcber ihre FSJ-Erlebnisse und ihre n\u00e4chsten Pl\u00e4ne zu sprechen.<\/p>\n\n\n\n<p><strong>TSV-Redaktion:<\/strong> Hallo Nelly! Wir freuen uns, dass du heute Zeit f\u00fcr ein Interview gefunden hast. Wie war denn dein halbes FSJ-Jahr beim TSV Ettlingen?<\/p>\n\n\n\n<div id=\"wp-block-themeisle-blocks-advanced-columns-303b4d82\" class=\"wp-block-themeisle-blocks-advanced-columns has-2-columns has-desktop-equal-layout has-tablet-equal-layout has-mobile-collapsedRows-layout has-vertical-unset\"><div class=\"wp-block-themeisle-blocks-advanced-columns-overlay\"><\/div><div class=\"innerblocks-wrap\">\n<div id=\"wp-block-themeisle-blocks-advanced-column-3c9a4473\" class=\"wp-block-themeisle-blocks-advanced-column\">\n<p><strong>Nelly:<\/strong> Hallo! Vielen Dank, es freut mich auch hier zu sein. Das halbe Jahr war wirklich gro\u00dfartig. Besonders die Arbeit mit den Kindern hat mir gro\u00dfen Spa\u00df gemacht. Ich konnte viele neue Erfahrungen sammeln und sowohl im Umgang mit den Kindern als auch in der Planung der Stunden viel dazulernen. Es war eine Zeit, in der ich auch viel Verantwortung \u00fcbernehmen durfte, was f\u00fcr mich pers\u00f6nlich sehr positiv war. Vor allem die Fortschritte und die Entwicklung der Kinder von Woche zu Woche zu sehen, war wirklich erstaunlich. Die Stunden im Kindergarten waren meine pers\u00f6nlichen Highlights.<\/p>\n<\/div>\n\n\n\n<div id=\"wp-block-themeisle-blocks-advanced-column-e8a3605b\" class=\"wp-block-themeisle-blocks-advanced-column\">\n<figure class=\"wp-block-image size-large\"><img loading=\"lazy\" decoding=\"async\" width=\"1024\" height=\"768\" src=\"https:\/\/tsv-ettlingen.de\/tsv\/wp-content\/uploads\/2024\/03\/Nelly_Ball-Spiel-Gruppe-1024x768.jpeg\" alt=\"Nelly in der Ball-Spiel-Gruppe\" class=\"wp-image-3557\" srcset=\"https:\/\/tsv-ettlingen.de\/tsv\/wp-content\/uploads\/2024\/03\/Nelly_Ball-Spiel-Gruppe-1024x768.jpeg 1024w, https:\/\/tsv-ettlingen.de\/tsv\/wp-content\/uploads\/2024\/03\/Nelly_Ball-Spiel-Gruppe-300x225.jpeg 300w, https:\/\/tsv-ettlingen.de\/tsv\/wp-content\/uploads\/2024\/03\/Nelly_Ball-Spiel-Gruppe-768x576.jpeg 768w, https:\/\/tsv-ettlingen.de\/tsv\/wp-content\/uploads\/2024\/03\/Nelly_Ball-Spiel-Gruppe-1536x1152.jpeg 1536w, https:\/\/tsv-ettlingen.de\/tsv\/wp-content\/uploads\/2024\/03\/Nelly_Ball-Spiel-Gruppe-2048x1536.jpeg 2048w\" sizes=\"auto, (max-width: 1024px) 100vw, 1024px\" \/><\/figure>\n<\/div>\n<\/div><\/div>\n\n\n\n<p><strong>TSV-Redaktion:<\/strong> Das klingt nach einer wirklich erf\u00fcllenden Zeit! Was steht denn als n\u00e4chstes f\u00fcr dich an? Wir haben geh\u00f6rt, du planst eine Reise?<\/p>\n\n\n\n<p><strong>Nelly:<\/strong> Genau, ich freue mich sehr darauf, die n\u00e4chste Zeit im Ausland zu verbringen und dort neue Erfahrungen zu sammeln. Zuerst geht es f\u00fcr mich nach Neuseeland und dann weiter nach Australien. Nach meiner R\u00fcckkehr plane ich, im Oktober ein Studium zu beginnen.<\/p>\n\n\n\n<p><strong>TSV-Redaktion:<\/strong> Das klingt nach aufregenden Pl\u00e4nen! M\u00f6chtest du dem TSV nach deiner Zeit im Ausland erhalten bleiben?<\/p>\n\n\n\n<p><strong>Nelly:<\/strong> Auf jeden Fall! Ich habe vor nach meiner R\u00fcckkehr, auch weiterhin beim TSV Basketball zu spielen und neben meinem Studium eine Mannschaft zu trainieren.<\/p>\n\n\n\n<p><strong>TSV-Redaktion:<\/strong> Das klingt nach einer spannenden Zeit, die vor dir liegt. Hast du noch Ratschl\u00e4ge f\u00fcr die n\u00e4chste FSJlerin oder den n\u00e4chsten FSJler, der oder die deine Position \u00fcbernehmen wird?<\/p>\n\n\n\n<p><strong>Nelly:<\/strong> Absolut. Das FSJ ist eine gro\u00dfartige M\u00f6glichkeit, sein Hobby und soziales Engagement zu verbinden und andere f\u00fcr Sport und Bewegung zu begeistern. Die Offenheit der Kinder hat es mir besonders leicht gemacht, mich in den Gruppen zu integrieren. Die Lehrg\u00e4nge haben mir solide Grundlagen f\u00fcr die Arbeit als \u00dcbungsleiterin vermittelt, und ich habe w\u00e4hrend des gesamten FSJ viel Unterst\u00fctzung vom Verein und vom Landesportverband erhalten. Ich kann wirklich jedem empfehlen, sein FSJ beim TSV Ettlingen zu absolvieren. Ich w\u00fcrde mich auf jeden Fall wieder daf\u00fcr entscheiden!<\/p>\n\n\n\n<p><strong>TSV-Redaktion:<\/strong> Vielen Dank, Nelly, f\u00fcr dieses aufschlussreiche Gespr\u00e4ch und f\u00fcr deine Zeit. Wir w\u00fcnschen dir alles Gute f\u00fcr deine Reise und deine zuk\u00fcnftigen Pl\u00e4ne!<\/p>\n\n\n\n<p><strong>Nelly:<\/strong> Vielen Dank! Es war mir eine gro\u00dfe Freude.<\/p>\n\n\n\n<p><strong>Wenn Du an einem FSJ im Sport interessiert bist, dann bewerbe Dich gerne bei uns. <\/strong><br><strong>Alle Infos findest Du <a href=\"https:\/\/tsv-ettlingen.de\/tsv\/ueber-uns\/fsj\">hier<\/a>.<\/strong><\/p>\n","protected":false},"excerpt":{"rendered":"<p>Nelly Becker macht seit September 2023 ihr Freiwilliges Soziales Jahr (FSJ) beim TSV Ettlingen. Aus einem ganzen Jahr wurde ein halbes. Wir haben uns mit Nelly getroffen, um \u00fcber ihre FSJ-Erlebnisse und ihre n\u00e4chsten Pl\u00e4ne zu sprechen. TSV-Redaktion: Hallo Nelly! Wir freuen uns, dass du heute Zeit f\u00fcr ein Interview gefunden hast. Wie war denn&hellip;&nbsp;<a href=\"https:\/\/tsv-ettlingen.de\/tsv\/nelly-becker-verabschiedet-sich-vom-tsv\" rel=\"bookmark\">Weiterlesen &raquo;<span class=\"screen-reader-text\">Nelly Becker verabschiedet sich vom TSV<\/span><\/a><\/p>\n","protected":false},"author":9,"featured_media":3558,"comment_status":"open","ping_status":"open","sticky":false,"template":"","format":"standard","meta":{"neve_meta_sidebar":"","neve_meta_container":"","neve_meta_enable_content_width":"","neve_meta_content_width":0,"neve_meta_title_alignment":"","neve_meta_author_avatar":"","neve_post_elements_order":"","neve_meta_disable_header":"","neve_meta_disable_footer":"","neve_meta_disable_title":"","_themeisle_gutenberg_block_has_review":false,"footnotes":""},"categories":[1,283],"tags":[265,20,19,163,189],"class_list":["post-3556","post","type-post","status-publish","format-standard","has-post-thumbnail","hentry","category-allgemein","category-jugend","tag-abschied","tag-freiwilliges-soziales-jahr","tag-fsj","tag-fsj-im-sport","tag-nelly-becker"],"yoast_head":"<!-- This site is optimized with the Yoast SEO plugin v27.5 - https:\/\/yoast.com\/product\/yoast-seo-wordpress\/ -->\n<title>Nelly Becker verabschiedet sich vom TSV - TSV Ettlingen<\/title>\n<meta name=\"description\" content=\"Nelly Becker macht seit September 2023 ihr FSJ beim TSV Ettlingen. Nach einem halben Jahr hat sie andere Pl\u00e4ne. Wir verraten welche!\" \/>\n<meta name=\"robots\" content=\"index, follow, max-snippet:-1, max-image-preview:large, max-video-preview:-1\" \/>\n<link rel=\"canonical\" href=\"https:\/\/tsv-ettlingen.de\/tsv\/nelly-becker-verabschiedet-sich-vom-tsv\" \/>\n<meta property=\"og:locale\" content=\"de_DE\" \/>\n<meta property=\"og:type\" content=\"article\" \/>\n<meta property=\"og:title\" content=\"Nelly Becker verabschiedet sich vom TSV - TSV Ettlingen\" \/>\n<meta property=\"og:description\" content=\"Nelly Becker macht seit September 2023 ihr FSJ beim TSV Ettlingen. Nach einem halben Jahr hat sie andere Pl\u00e4ne. Wir verraten welche!\" \/>\n<meta property=\"og:url\" content=\"https:\/\/tsv-ettlingen.de\/tsv\/nelly-becker-verabschiedet-sich-vom-tsv\" \/>\n<meta property=\"og:site_name\" content=\"TSV Ettlingen\" \/>\n<meta property=\"article:published_time\" content=\"2024-04-03T20:13:00+00:00\" \/>\n<meta property=\"article:modified_time\" content=\"2024-05-21T13:47:13+00:00\" \/>\n<meta property=\"og:image\" content=\"https:\/\/tsv-ettlingen.de\/tsv\/wp-content\/uploads\/2024\/03\/Nelly_Abschied_U10-scaled.jpeg\" \/>\n\t<meta property=\"og:image:width\" content=\"2560\" \/>\n\t<meta property=\"og:image:height\" content=\"1920\" \/>\n\t<meta property=\"og:image:type\" content=\"image\/jpeg\" \/>\n<meta name=\"author\" content=\"Nina Skala\" \/>\n<meta name=\"twitter:card\" content=\"summary_large_image\" \/>\n<meta name=\"twitter:label1\" content=\"Verfasst von\" \/>\n\t<meta name=\"twitter:data1\" content=\"Nina Skala\" \/>\n\t<meta name=\"twitter:label2\" content=\"Gesch\u00e4tzte Lesezeit\" \/>\n\t<meta name=\"twitter:data2\" content=\"3\u00a0Minuten\" \/>\n<script type=\"application\/ld+json\" class=\"yoast-schema-graph\">{\"@context\":\"https:\\\/\\\/schema.org\",\"@graph\":[{\"@type\":\"Article\",\"@id\":\"https:\\\/\\\/tsv-ettlingen.de\\\/tsv\\\/nelly-becker-verabschiedet-sich-vom-tsv#article\",\"isPartOf\":{\"@id\":\"https:\\\/\\\/tsv-ettlingen.de\\\/tsv\\\/nelly-becker-verabschiedet-sich-vom-tsv\"},\"author\":{\"name\":\"Nina Skala\",\"@id\":\"https:\\\/\\\/tsv-ettlingen.de\\\/tsv\\\/#\\\/schema\\\/person\\\/4fe29ec5d992d5063165bd153dfa8f5a\"},\"headline\":\"Nelly Becker verabschiedet sich vom TSV\",\"datePublished\":\"2024-04-03T20:13:00+00:00\",\"dateModified\":\"2024-05-21T13:47:13+00:00\",\"mainEntityOfPage\":{\"@id\":\"https:\\\/\\\/tsv-ettlingen.de\\\/tsv\\\/nelly-becker-verabschiedet-sich-vom-tsv\"},\"wordCount\":478,\"commentCount\":0,\"publisher\":{\"@id\":\"https:\\\/\\\/tsv-ettlingen.de\\\/tsv\\\/#organization\"},\"image\":{\"@id\":\"https:\\\/\\\/tsv-ettlingen.de\\\/tsv\\\/nelly-becker-verabschiedet-sich-vom-tsv#primaryimage\"},\"thumbnailUrl\":\"https:\\\/\\\/tsv-ettlingen.de\\\/tsv\\\/wp-content\\\/uploads\\\/2024\\\/03\\\/Nelly_Abschied_U10-scaled.jpeg\",\"keywords\":[\"Abschied\",\"Freiwilliges Soziales Jahr\",\"FSJ\",\"FSJ im Sport\",\"Nelly Becker\"],\"articleSection\":{\"1\":\"Jugend\"},\"inLanguage\":\"de\",\"potentialAction\":[{\"@type\":\"CommentAction\",\"name\":\"Comment\",\"target\":[\"https:\\\/\\\/tsv-ettlingen.de\\\/tsv\\\/nelly-becker-verabschiedet-sich-vom-tsv#respond\"]}]},{\"@type\":\"WebPage\",\"@id\":\"https:\\\/\\\/tsv-ettlingen.de\\\/tsv\\\/nelly-becker-verabschiedet-sich-vom-tsv\",\"url\":\"https:\\\/\\\/tsv-ettlingen.de\\\/tsv\\\/nelly-becker-verabschiedet-sich-vom-tsv\",\"name\":\"Nelly Becker verabschiedet sich vom TSV - TSV Ettlingen\",\"isPartOf\":{\"@id\":\"https:\\\/\\\/tsv-ettlingen.de\\\/tsv\\\/#website\"},\"primaryImageOfPage\":{\"@id\":\"https:\\\/\\\/tsv-ettlingen.de\\\/tsv\\\/nelly-becker-verabschiedet-sich-vom-tsv#primaryimage\"},\"image\":{\"@id\":\"https:\\\/\\\/tsv-ettlingen.de\\\/tsv\\\/nelly-becker-verabschiedet-sich-vom-tsv#primaryimage\"},\"thumbnailUrl\":\"https:\\\/\\\/tsv-ettlingen.de\\\/tsv\\\/wp-content\\\/uploads\\\/2024\\\/03\\\/Nelly_Abschied_U10-scaled.jpeg\",\"datePublished\":\"2024-04-03T20:13:00+00:00\",\"dateModified\":\"2024-05-21T13:47:13+00:00\",\"description\":\"Nelly Becker macht seit September 2023 ihr FSJ beim TSV Ettlingen. Nach einem halben Jahr hat sie andere Pl\u00e4ne. Wir verraten welche!\",\"breadcrumb\":{\"@id\":\"https:\\\/\\\/tsv-ettlingen.de\\\/tsv\\\/nelly-becker-verabschiedet-sich-vom-tsv#breadcrumb\"},\"inLanguage\":\"de\",\"potentialAction\":[{\"@type\":\"ReadAction\",\"target\":[\"https:\\\/\\\/tsv-ettlingen.de\\\/tsv\\\/nelly-becker-verabschiedet-sich-vom-tsv\"]}]},{\"@type\":\"ImageObject\",\"inLanguage\":\"de\",\"@id\":\"https:\\\/\\\/tsv-ettlingen.de\\\/tsv\\\/nelly-becker-verabschiedet-sich-vom-tsv#primaryimage\",\"url\":\"https:\\\/\\\/tsv-ettlingen.de\\\/tsv\\\/wp-content\\\/uploads\\\/2024\\\/03\\\/Nelly_Abschied_U10-scaled.jpeg\",\"contentUrl\":\"https:\\\/\\\/tsv-ettlingen.de\\\/tsv\\\/wp-content\\\/uploads\\\/2024\\\/03\\\/Nelly_Abschied_U10-scaled.jpeg\",\"width\":2560,\"height\":1920,\"caption\":\"Nelly Becker verabschiedet sich von ihrer Mannschaft\"},{\"@type\":\"BreadcrumbList\",\"@id\":\"https:\\\/\\\/tsv-ettlingen.de\\\/tsv\\\/nelly-becker-verabschiedet-sich-vom-tsv#breadcrumb\",\"itemListElement\":[{\"@type\":\"ListItem\",\"position\":1,\"name\":\"Startseite\",\"item\":\"https:\\\/\\\/tsv-ettlingen.de\\\/tsv\\\/\"},{\"@type\":\"ListItem\",\"position\":2,\"name\":\"Nelly Becker verabschiedet sich vom TSV\"}]},{\"@type\":\"WebSite\",\"@id\":\"https:\\\/\\\/tsv-ettlingen.de\\\/tsv\\\/#website\",\"url\":\"https:\\\/\\\/tsv-ettlingen.de\\\/tsv\\\/\",\"name\":\"TSV Ettlingen\",\"description\":\"Zusammenhalt leben!\",\"publisher\":{\"@id\":\"https:\\\/\\\/tsv-ettlingen.de\\\/tsv\\\/#organization\"},\"potentialAction\":[{\"@type\":\"SearchAction\",\"target\":{\"@type\":\"EntryPoint\",\"urlTemplate\":\"https:\\\/\\\/tsv-ettlingen.de\\\/tsv\\\/?s={search_term_string}\"},\"query-input\":{\"@type\":\"PropertyValueSpecification\",\"valueRequired\":true,\"valueName\":\"search_term_string\"}}],\"inLanguage\":\"de\"},{\"@type\":\"Organization\",\"@id\":\"https:\\\/\\\/tsv-ettlingen.de\\\/tsv\\\/#organization\",\"name\":\"TSV Ettlingen e.V.\",\"url\":\"https:\\\/\\\/tsv-ettlingen.de\\\/tsv\\\/\",\"logo\":{\"@type\":\"ImageObject\",\"inLanguage\":\"de\",\"@id\":\"https:\\\/\\\/tsv-ettlingen.de\\\/tsv\\\/#\\\/schema\\\/logo\\\/image\\\/\",\"url\":\"https:\\\/\\\/tsv-ettlingen.de\\\/tsv\\\/wp-content\\\/uploads\\\/2021\\\/05\\\/LOGO_Farbe.jpg\",\"contentUrl\":\"https:\\\/\\\/tsv-ettlingen.de\\\/tsv\\\/wp-content\\\/uploads\\\/2021\\\/05\\\/LOGO_Farbe.jpg\",\"width\":2008,\"height\":1181,\"caption\":\"TSV Ettlingen e.V.\"},\"image\":{\"@id\":\"https:\\\/\\\/tsv-ettlingen.de\\\/tsv\\\/#\\\/schema\\\/logo\\\/image\\\/\"},\"sameAs\":[\"https:\\\/\\\/www.instagram.com\\\/tsv_ettlingen\\\/\"]},{\"@type\":\"Person\",\"@id\":\"https:\\\/\\\/tsv-ettlingen.de\\\/tsv\\\/#\\\/schema\\\/person\\\/4fe29ec5d992d5063165bd153dfa8f5a\",\"name\":\"Nina Skala\",\"image\":{\"@type\":\"ImageObject\",\"inLanguage\":\"de\",\"@id\":\"https:\\\/\\\/secure.gravatar.com\\\/avatar\\\/213999610ce51a277c47ed9436e7468b593e7e2ccfccac0a98a78b3a688f3f60?s=96&d=mm&r=g\",\"url\":\"https:\\\/\\\/secure.gravatar.com\\\/avatar\\\/213999610ce51a277c47ed9436e7468b593e7e2ccfccac0a98a78b3a688f3f60?s=96&d=mm&r=g\",\"contentUrl\":\"https:\\\/\\\/secure.gravatar.com\\\/avatar\\\/213999610ce51a277c47ed9436e7468b593e7e2ccfccac0a98a78b3a688f3f60?s=96&d=mm&r=g\",\"caption\":\"Nina Skala\"},\"url\":\"https:\\\/\\\/tsv-ettlingen.de\\\/tsv\\\/author\\\/ninaskala\"}]}<\/script>\n<!-- \/ Yoast SEO plugin. -->","yoast_head_json":{"title":"Nelly Becker verabschiedet sich vom TSV - TSV Ettlingen","description":"Nelly Becker macht seit September 2023 ihr FSJ beim TSV Ettlingen. Nach einem halben Jahr hat sie andere Pl\u00e4ne. Wir verraten welche!","robots":{"index":"index","follow":"follow","max-snippet":"max-snippet:-1","max-image-preview":"max-image-preview:large","max-video-preview":"max-video-preview:-1"},"canonical":"https:\/\/tsv-ettlingen.de\/tsv\/nelly-becker-verabschiedet-sich-vom-tsv","og_locale":"de_DE","og_type":"article","og_title":"Nelly Becker verabschiedet sich vom TSV - TSV Ettlingen","og_description":"Nelly Becker macht seit September 2023 ihr FSJ beim TSV Ettlingen. Nach einem halben Jahr hat sie andere Pl\u00e4ne. Wir verraten welche!","og_url":"https:\/\/tsv-ettlingen.de\/tsv\/nelly-becker-verabschiedet-sich-vom-tsv","og_site_name":"TSV Ettlingen","article_published_time":"2024-04-03T20:13:00+00:00","article_modified_time":"2024-05-21T13:47:13+00:00","og_image":[{"width":2560,"height":1920,"url":"https:\/\/tsv-ettlingen.de\/tsv\/wp-content\/uploads\/2024\/03\/Nelly_Abschied_U10-scaled.jpeg","type":"image\/jpeg"}],"author":"Nina Skala","twitter_card":"summary_large_image","twitter_misc":{"Verfasst von":"Nina Skala","Gesch\u00e4tzte Lesezeit":"3\u00a0Minuten"},"schema":{"@context":"https:\/\/schema.org","@graph":[{"@type":"Article","@id":"https:\/\/tsv-ettlingen.de\/tsv\/nelly-becker-verabschiedet-sich-vom-tsv#article","isPartOf":{"@id":"https:\/\/tsv-ettlingen.de\/tsv\/nelly-becker-verabschiedet-sich-vom-tsv"},"author":{"name":"Nina Skala","@id":"https:\/\/tsv-ettlingen.de\/tsv\/#\/schema\/person\/4fe29ec5d992d5063165bd153dfa8f5a"},"headline":"Nelly Becker verabschiedet sich vom TSV","datePublished":"2024-04-03T20:13:00+00:00","dateModified":"2024-05-21T13:47:13+00:00","mainEntityOfPage":{"@id":"https:\/\/tsv-ettlingen.de\/tsv\/nelly-becker-verabschiedet-sich-vom-tsv"},"wordCount":478,"commentCount":0,"publisher":{"@id":"https:\/\/tsv-ettlingen.de\/tsv\/#organization"},"image":{"@id":"https:\/\/tsv-ettlingen.de\/tsv\/nelly-becker-verabschiedet-sich-vom-tsv#primaryimage"},"thumbnailUrl":"https:\/\/tsv-ettlingen.de\/tsv\/wp-content\/uploads\/2024\/03\/Nelly_Abschied_U10-scaled.jpeg","keywords":["Abschied","Freiwilliges Soziales Jahr","FSJ","FSJ im Sport","Nelly Becker"],"articleSection":{"1":"Jugend"},"inLanguage":"de","potentialAction":[{"@type":"CommentAction","name":"Comment","target":["https:\/\/tsv-ettlingen.de\/tsv\/nelly-becker-verabschiedet-sich-vom-tsv#respond"]}]},{"@type":"WebPage","@id":"https:\/\/tsv-ettlingen.de\/tsv\/nelly-becker-verabschiedet-sich-vom-tsv","url":"https:\/\/tsv-ettlingen.de\/tsv\/nelly-becker-verabschiedet-sich-vom-tsv","name":"Nelly Becker verabschiedet sich vom TSV - TSV Ettlingen","isPartOf":{"@id":"https:\/\/tsv-ettlingen.de\/tsv\/#website"},"primaryImageOfPage":{"@id":"https:\/\/tsv-ettlingen.de\/tsv\/nelly-becker-verabschiedet-sich-vom-tsv#primaryimage"},"image":{"@id":"https:\/\/tsv-ettlingen.de\/tsv\/nelly-becker-verabschiedet-sich-vom-tsv#primaryimage"},"thumbnailUrl":"https:\/\/tsv-ettlingen.de\/tsv\/wp-content\/uploads\/2024\/03\/Nelly_Abschied_U10-scaled.jpeg","datePublished":"2024-04-03T20:13:00+00:00","dateModified":"2024-05-21T13:47:13+00:00","description":"Nelly Becker macht seit September 2023 ihr FSJ beim TSV Ettlingen. Nach einem halben Jahr hat sie andere Pl\u00e4ne. Wir verraten welche!","breadcrumb":{"@id":"https:\/\/tsv-ettlingen.de\/tsv\/nelly-becker-verabschiedet-sich-vom-tsv#breadcrumb"},"inLanguage":"de","potentialAction":[{"@type":"ReadAction","target":["https:\/\/tsv-ettlingen.de\/tsv\/nelly-becker-verabschiedet-sich-vom-tsv"]}]},{"@type":"ImageObject","inLanguage":"de","@id":"https:\/\/tsv-ettlingen.de\/tsv\/nelly-becker-verabschiedet-sich-vom-tsv#primaryimage","url":"https:\/\/tsv-ettlingen.de\/tsv\/wp-content\/uploads\/2024\/03\/Nelly_Abschied_U10-scaled.jpeg","contentUrl":"https:\/\/tsv-ettlingen.de\/tsv\/wp-content\/uploads\/2024\/03\/Nelly_Abschied_U10-scaled.jpeg","width":2560,"height":1920,"caption":"Nelly Becker verabschiedet sich von ihrer Mannschaft"},{"@type":"BreadcrumbList","@id":"https:\/\/tsv-ettlingen.de\/tsv\/nelly-becker-verabschiedet-sich-vom-tsv#breadcrumb","itemListElement":[{"@type":"ListItem","position":1,"name":"Startseite","item":"https:\/\/tsv-ettlingen.de\/tsv\/"},{"@type":"ListItem","position":2,"name":"Nelly Becker verabschiedet sich vom TSV"}]},{"@type":"WebSite","@id":"https:\/\/tsv-ettlingen.de\/tsv\/#website","url":"https:\/\/tsv-ettlingen.de\/tsv\/","name":"TSV Ettlingen","description":"Zusammenhalt leben!","publisher":{"@id":"https:\/\/tsv-ettlingen.de\/tsv\/#organization"},"potentialAction":[{"@type":"SearchAction","target":{"@type":"EntryPoint","urlTemplate":"https:\/\/tsv-ettlingen.de\/tsv\/?s={search_term_string}"},"query-input":{"@type":"PropertyValueSpecification","valueRequired":true,"valueName":"search_term_string"}}],"inLanguage":"de"},{"@type":"Organization","@id":"https:\/\/tsv-ettlingen.de\/tsv\/#organization","name":"TSV Ettlingen e.V.","url":"https:\/\/tsv-ettlingen.de\/tsv\/","logo":{"@type":"ImageObject","inLanguage":"de","@id":"https:\/\/tsv-ettlingen.de\/tsv\/#\/schema\/logo\/image\/","url":"https:\/\/tsv-ettlingen.de\/tsv\/wp-content\/uploads\/2021\/05\/LOGO_Farbe.jpg","contentUrl":"https:\/\/tsv-ettlingen.de\/tsv\/wp-content\/uploads\/2021\/05\/LOGO_Farbe.jpg","width":2008,"height":1181,"caption":"TSV Ettlingen e.V."},"image":{"@id":"https:\/\/tsv-ettlingen.de\/tsv\/#\/schema\/logo\/image\/"},"sameAs":["https:\/\/www.instagram.com\/tsv_ettlingen\/"]},{"@type":"Person","@id":"https:\/\/tsv-ettlingen.de\/tsv\/#\/schema\/person\/4fe29ec5d992d5063165bd153dfa8f5a","name":"Nina Skala","image":{"@type":"ImageObject","inLanguage":"de","@id":"https:\/\/secure.gravatar.com\/avatar\/213999610ce51a277c47ed9436e7468b593e7e2ccfccac0a98a78b3a688f3f60?s=96&d=mm&r=g","url":"https:\/\/secure.gravatar.com\/avatar\/213999610ce51a277c47ed9436e7468b593e7e2ccfccac0a98a78b3a688f3f60?s=96&d=mm&r=g","contentUrl":"https:\/\/secure.gravatar.com\/avatar\/213999610ce51a277c47ed9436e7468b593e7e2ccfccac0a98a78b3a688f3f60?s=96&d=mm&r=g","caption":"Nina Skala"},"url":"https:\/\/tsv-ettlingen.de\/tsv\/author\/ninaskala"}]}},"_links":{"self":[{"href":"https:\/\/tsv-ettlingen.de\/tsv\/wp-json\/wp\/v2\/posts\/3556","targetHints":{"allow":["GET"]}}],"collection":[{"href":"https:\/\/tsv-ettlingen.de\/tsv\/wp-json\/wp\/v2\/posts"}],"about":[{"href":"https:\/\/tsv-ettlingen.de\/tsv\/wp-json\/wp\/v2\/types\/post"}],"author":[{"embeddable":true,"href":"https:\/\/tsv-ettlingen.de\/tsv\/wp-json\/wp\/v2\/users\/9"}],"replies":[{"embeddable":true,"href":"https:\/\/tsv-ettlingen.de\/tsv\/wp-json\/wp\/v2\/comments?post=3556"}],"version-history":[{"count":2,"href":"https:\/\/tsv-ettlingen.de\/tsv\/wp-json\/wp\/v2\/posts\/3556\/revisions"}],"predecessor-version":[{"id":3560,"href":"https:\/\/tsv-ettlingen.de\/tsv\/wp-json\/wp\/v2\/posts\/3556\/revisions\/3560"}],"wp:featuredmedia":[{"embeddable":true,"href":"https:\/\/tsv-ettlingen.de\/tsv\/wp-json\/wp\/v2\/media\/3558"}],"wp:attachment":[{"href":"https:\/\/tsv-ettlingen.de\/tsv\/wp-json\/wp\/v2\/media?parent=3556"}],"wp:term":[{"taxonomy":"category","embeddable":true,"href":"https:\/\/tsv-ettlingen.de\/tsv\/wp-json\/wp\/v2\/categories?post=3556"},{"taxonomy":"post_tag","embeddable":true,"href":"https:\/\/tsv-ettlingen.de\/tsv\/wp-json\/wp\/v2\/tags?post=3556"}],"curies":[{"name":"wp","href":"https:\/\/api.w.org\/{rel}","templated":true}]}}