{"id":3788,"date":"2024-06-17T13:20:54","date_gmt":"2024-06-17T11:20:54","guid":{"rendered":"https:\/\/tsv-ettlingen.de\/tsv\/?p=3788"},"modified":"2024-06-17T13:20:55","modified_gmt":"2024-06-17T11:20:55","slug":"einberufung-der-vertreterversammlung","status":"publish","type":"post","link":"https:\/\/tsv-ettlingen.de\/tsv\/einberufung-der-vertreterversammlung","title":{"rendered":"Einberufung der Vertreterversammlung"},"content":{"rendered":"\n<p>Die diesj\u00e4hrige Vertreterversammlung findet am Sonntag<strong>, 23. Juni<\/strong>, um 10.30 Uhr im Vereinsraum 007 im UG des Eichendorff-Gymnasiums statt.<\/p>\n\n\n\n<h4 class=\"wp-block-heading has-neve-link-color-color has-text-color has-link-color wp-elements-4a636b6d3072da89fbbaa16525327f55\"><strong>Tagesordnung<\/strong><\/h4>\n\n\n\n<ol class=\"wp-block-list\">\n<li>Er\u00f6ffnung, Begr\u00fc\u00dfung, Totengedenken<\/li>\n\n\n\n<li>Feststellen der stimmberechtigten Vertreter*innen<\/li>\n\n\n\n<li>Berichte 2023: Vorstand, Abteilungen\/Sparten, Jugendleitung, Finanzen, Kassenpr\u00fcfer<\/li>\n\n\n\n<li>Aussprache<\/li>\n\n\n\n<li>Entlastung des Vorstands<\/li>\n\n\n\n<li>Neuwahlen<\/li>\n\n\n\n<li>Bekanntgabe der nicht zu w\u00e4hlenden Vorstandsmitglieder<\/li>\n\n\n\n<li>Erledigung von Antr\u00e4gen<\/li>\n\n\n\n<li>Termin der Vertreterversammlung 2025<\/li>\n\n\n\n<li>Ehrungen, Verschiedenes<\/li>\n<\/ol>\n\n\n\n<p>Das Protokoll der Vertreterversammlung 2023 liegt zur Einsicht aus.<\/p>\n\n\n\n<p>Zu der Versammlung sind alle Mitglieder eingeladen. Stimm- und Wahlrecht haben die nominierten Delegierten bzw. im Verhinderungsfall deren benannte Stellvertreter*innen sowie die gew\u00e4hlten Vorstandsmitglieder.<\/p>\n\n\n\n<p>Die Abteilung Basketball kann 9, Turnen 4, Fu\u00dfball 3, Kanu und Volleyball je 2 Delegierte entsenden und Stellvertreter*innen in mindestens gleicher Anzahl benennen.<\/p>\n","protected":false},"excerpt":{"rendered":"<p>Die diesj\u00e4hrige Vertreterversammlung findet am Sonntag, 23. Juni, um 10.30 Uhr im Vereinsraum 007 im UG des Eichendorff-Gymnasiums statt. Tagesordnung Das Protokoll der Vertreterversammlung 2023 liegt zur Einsicht aus. Zu der Versammlung sind alle Mitglieder eingeladen. Stimm- und Wahlrecht haben die nominierten Delegierten bzw. im Verhinderungsfall deren benannte Stellvertreter*innen sowie die gew\u00e4hlten Vorstandsmitglieder. Die Abteilung&hellip;&nbsp;<a href=\"https:\/\/tsv-ettlingen.de\/tsv\/einberufung-der-vertreterversammlung\" rel=\"bookmark\">Weiterlesen &raquo;<span class=\"screen-reader-text\">Einberufung der Vertreterversammlung<\/span><\/a><\/p>\n","protected":false},"author":9,"featured_media":0,"comment_status":"open","ping_status":"open","sticky":false,"template":"","format":"standard","meta":{"neve_meta_sidebar":"","neve_meta_container":"","neve_meta_enable_content_width":"","neve_meta_content_width":0,"neve_meta_title_alignment":"","neve_meta_author_avatar":"","neve_post_elements_order":"","neve_meta_disable_header":"","neve_meta_disable_footer":"","neve_meta_disable_title":"","_themeisle_gutenberg_block_has_review":false,"footnotes":""},"categories":[1],"tags":[281,137],"class_list":["post-3788","post","type-post","status-publish","format-standard","hentry","category-allgemein","tag-neuwahlen","tag-vertreterversammlung"],"yoast_head":"<!-- This site is optimized with the Yoast SEO plugin v27.5 - https:\/\/yoast.com\/product\/yoast-seo-wordpress\/ -->\n<title>Einberufung der Vertreterversammlung - TSV Ettlingen<\/title>\n<meta name=\"description\" content=\"Die diesj\u00e4hrige Vertreterversammlung findet am Sonntag, 23. Juni, um 10.30 Uhr im Vereinsraum 007 im UG des Eichendorff-Gymnasiums statt.\" \/>\n<meta name=\"robots\" content=\"index, follow, max-snippet:-1, max-image-preview:large, max-video-preview:-1\" \/>\n<link rel=\"canonical\" href=\"https:\/\/tsv-ettlingen.de\/tsv\/einberufung-der-vertreterversammlung\" \/>\n<meta property=\"og:locale\" content=\"de_DE\" \/>\n<meta property=\"og:type\" content=\"article\" \/>\n<meta property=\"og:title\" content=\"Einberufung der Vertreterversammlung - TSV Ettlingen\" \/>\n<meta property=\"og:description\" content=\"Die diesj\u00e4hrige Vertreterversammlung findet am Sonntag, 23. Juni, um 10.30 Uhr im Vereinsraum 007 im UG des Eichendorff-Gymnasiums statt.\" \/>\n<meta property=\"og:url\" content=\"https:\/\/tsv-ettlingen.de\/tsv\/einberufung-der-vertreterversammlung\" \/>\n<meta property=\"og:site_name\" content=\"TSV Ettlingen\" \/>\n<meta property=\"article:published_time\" content=\"2024-06-17T11:20:54+00:00\" \/>\n<meta property=\"article:modified_time\" content=\"2024-06-17T11:20:55+00:00\" \/>\n<meta name=\"author\" content=\"Nina Skala\" \/>\n<meta name=\"twitter:card\" content=\"summary_large_image\" \/>\n<meta name=\"twitter:label1\" content=\"Verfasst von\" \/>\n\t<meta name=\"twitter:data1\" content=\"Nina Skala\" \/>\n\t<meta name=\"twitter:label2\" content=\"Gesch\u00e4tzte Lesezeit\" \/>\n\t<meta name=\"twitter:data2\" content=\"1\u00a0Minute\" \/>\n<script type=\"application\/ld+json\" class=\"yoast-schema-graph\">{\"@context\":\"https:\\\/\\\/schema.org\",\"@graph\":[{\"@type\":\"Article\",\"@id\":\"https:\\\/\\\/tsv-ettlingen.de\\\/tsv\\\/einberufung-der-vertreterversammlung#article\",\"isPartOf\":{\"@id\":\"https:\\\/\\\/tsv-ettlingen.de\\\/tsv\\\/einberufung-der-vertreterversammlung\"},\"author\":{\"name\":\"Nina Skala\",\"@id\":\"https:\\\/\\\/tsv-ettlingen.de\\\/tsv\\\/#\\\/schema\\\/person\\\/4fe29ec5d992d5063165bd153dfa8f5a\"},\"headline\":\"Einberufung der Vertreterversammlung\",\"datePublished\":\"2024-06-17T11:20:54+00:00\",\"dateModified\":\"2024-06-17T11:20:55+00:00\",\"mainEntityOfPage\":{\"@id\":\"https:\\\/\\\/tsv-ettlingen.de\\\/tsv\\\/einberufung-der-vertreterversammlung\"},\"wordCount\":115,\"commentCount\":0,\"publisher\":{\"@id\":\"https:\\\/\\\/tsv-ettlingen.de\\\/tsv\\\/#organization\"},\"keywords\":[\"Neuwahlen\",\"Vertreterversammlung\"],\"inLanguage\":\"de\",\"potentialAction\":[{\"@type\":\"CommentAction\",\"name\":\"Comment\",\"target\":[\"https:\\\/\\\/tsv-ettlingen.de\\\/tsv\\\/einberufung-der-vertreterversammlung#respond\"]}]},{\"@type\":\"WebPage\",\"@id\":\"https:\\\/\\\/tsv-ettlingen.de\\\/tsv\\\/einberufung-der-vertreterversammlung\",\"url\":\"https:\\\/\\\/tsv-ettlingen.de\\\/tsv\\\/einberufung-der-vertreterversammlung\",\"name\":\"Einberufung der Vertreterversammlung - TSV Ettlingen\",\"isPartOf\":{\"@id\":\"https:\\\/\\\/tsv-ettlingen.de\\\/tsv\\\/#website\"},\"datePublished\":\"2024-06-17T11:20:54+00:00\",\"dateModified\":\"2024-06-17T11:20:55+00:00\",\"description\":\"Die diesj\u00e4hrige Vertreterversammlung findet am Sonntag, 23. Juni, um 10.30 Uhr im Vereinsraum 007 im UG des Eichendorff-Gymnasiums statt.\",\"breadcrumb\":{\"@id\":\"https:\\\/\\\/tsv-ettlingen.de\\\/tsv\\\/einberufung-der-vertreterversammlung#breadcrumb\"},\"inLanguage\":\"de\",\"potentialAction\":[{\"@type\":\"ReadAction\",\"target\":[\"https:\\\/\\\/tsv-ettlingen.de\\\/tsv\\\/einberufung-der-vertreterversammlung\"]}]},{\"@type\":\"BreadcrumbList\",\"@id\":\"https:\\\/\\\/tsv-ettlingen.de\\\/tsv\\\/einberufung-der-vertreterversammlung#breadcrumb\",\"itemListElement\":[{\"@type\":\"ListItem\",\"position\":1,\"name\":\"Startseite\",\"item\":\"https:\\\/\\\/tsv-ettlingen.de\\\/tsv\\\/\"},{\"@type\":\"ListItem\",\"position\":2,\"name\":\"Einberufung der Vertreterversammlung\"}]},{\"@type\":\"WebSite\",\"@id\":\"https:\\\/\\\/tsv-ettlingen.de\\\/tsv\\\/#website\",\"url\":\"https:\\\/\\\/tsv-ettlingen.de\\\/tsv\\\/\",\"name\":\"TSV Ettlingen\",\"description\":\"Zusammenhalt leben!\",\"publisher\":{\"@id\":\"https:\\\/\\\/tsv-ettlingen.de\\\/tsv\\\/#organization\"},\"potentialAction\":[{\"@type\":\"SearchAction\",\"target\":{\"@type\":\"EntryPoint\",\"urlTemplate\":\"https:\\\/\\\/tsv-ettlingen.de\\\/tsv\\\/?s={search_term_string}\"},\"query-input\":{\"@type\":\"PropertyValueSpecification\",\"valueRequired\":true,\"valueName\":\"search_term_string\"}}],\"inLanguage\":\"de\"},{\"@type\":\"Organization\",\"@id\":\"https:\\\/\\\/tsv-ettlingen.de\\\/tsv\\\/#organization\",\"name\":\"TSV Ettlingen e.V.\",\"url\":\"https:\\\/\\\/tsv-ettlingen.de\\\/tsv\\\/\",\"logo\":{\"@type\":\"ImageObject\",\"inLanguage\":\"de\",\"@id\":\"https:\\\/\\\/tsv-ettlingen.de\\\/tsv\\\/#\\\/schema\\\/logo\\\/image\\\/\",\"url\":\"https:\\\/\\\/tsv-ettlingen.de\\\/tsv\\\/wp-content\\\/uploads\\\/2021\\\/05\\\/LOGO_Farbe.jpg\",\"contentUrl\":\"https:\\\/\\\/tsv-ettlingen.de\\\/tsv\\\/wp-content\\\/uploads\\\/2021\\\/05\\\/LOGO_Farbe.jpg\",\"width\":2008,\"height\":1181,\"caption\":\"TSV Ettlingen e.V.\"},\"image\":{\"@id\":\"https:\\\/\\\/tsv-ettlingen.de\\\/tsv\\\/#\\\/schema\\\/logo\\\/image\\\/\"},\"sameAs\":[\"https:\\\/\\\/www.instagram.com\\\/tsv_ettlingen\\\/\"]},{\"@type\":\"Person\",\"@id\":\"https:\\\/\\\/tsv-ettlingen.de\\\/tsv\\\/#\\\/schema\\\/person\\\/4fe29ec5d992d5063165bd153dfa8f5a\",\"name\":\"Nina Skala\",\"image\":{\"@type\":\"ImageObject\",\"inLanguage\":\"de\",\"@id\":\"https:\\\/\\\/secure.gravatar.com\\\/avatar\\\/213999610ce51a277c47ed9436e7468b593e7e2ccfccac0a98a78b3a688f3f60?s=96&d=mm&r=g\",\"url\":\"https:\\\/\\\/secure.gravatar.com\\\/avatar\\\/213999610ce51a277c47ed9436e7468b593e7e2ccfccac0a98a78b3a688f3f60?s=96&d=mm&r=g\",\"contentUrl\":\"https:\\\/\\\/secure.gravatar.com\\\/avatar\\\/213999610ce51a277c47ed9436e7468b593e7e2ccfccac0a98a78b3a688f3f60?s=96&d=mm&r=g\",\"caption\":\"Nina Skala\"},\"url\":\"https:\\\/\\\/tsv-ettlingen.de\\\/tsv\\\/author\\\/ninaskala\"}]}<\/script>\n<!-- \/ Yoast SEO plugin. -->","yoast_head_json":{"title":"Einberufung der Vertreterversammlung - TSV Ettlingen","description":"Die diesj\u00e4hrige Vertreterversammlung findet am Sonntag, 23. Juni, um 10.30 Uhr im Vereinsraum 007 im UG des Eichendorff-Gymnasiums statt.","robots":{"index":"index","follow":"follow","max-snippet":"max-snippet:-1","max-image-preview":"max-image-preview:large","max-video-preview":"max-video-preview:-1"},"canonical":"https:\/\/tsv-ettlingen.de\/tsv\/einberufung-der-vertreterversammlung","og_locale":"de_DE","og_type":"article","og_title":"Einberufung der Vertreterversammlung - TSV Ettlingen","og_description":"Die diesj\u00e4hrige Vertreterversammlung findet am Sonntag, 23. Juni, um 10.30 Uhr im Vereinsraum 007 im UG des Eichendorff-Gymnasiums statt.","og_url":"https:\/\/tsv-ettlingen.de\/tsv\/einberufung-der-vertreterversammlung","og_site_name":"TSV Ettlingen","article_published_time":"2024-06-17T11:20:54+00:00","article_modified_time":"2024-06-17T11:20:55+00:00","author":"Nina Skala","twitter_card":"summary_large_image","twitter_misc":{"Verfasst von":"Nina Skala","Gesch\u00e4tzte Lesezeit":"1\u00a0Minute"},"schema":{"@context":"https:\/\/schema.org","@graph":[{"@type":"Article","@id":"https:\/\/tsv-ettlingen.de\/tsv\/einberufung-der-vertreterversammlung#article","isPartOf":{"@id":"https:\/\/tsv-ettlingen.de\/tsv\/einberufung-der-vertreterversammlung"},"author":{"name":"Nina Skala","@id":"https:\/\/tsv-ettlingen.de\/tsv\/#\/schema\/person\/4fe29ec5d992d5063165bd153dfa8f5a"},"headline":"Einberufung der Vertreterversammlung","datePublished":"2024-06-17T11:20:54+00:00","dateModified":"2024-06-17T11:20:55+00:00","mainEntityOfPage":{"@id":"https:\/\/tsv-ettlingen.de\/tsv\/einberufung-der-vertreterversammlung"},"wordCount":115,"commentCount":0,"publisher":{"@id":"https:\/\/tsv-ettlingen.de\/tsv\/#organization"},"keywords":["Neuwahlen","Vertreterversammlung"],"inLanguage":"de","potentialAction":[{"@type":"CommentAction","name":"Comment","target":["https:\/\/tsv-ettlingen.de\/tsv\/einberufung-der-vertreterversammlung#respond"]}]},{"@type":"WebPage","@id":"https:\/\/tsv-ettlingen.de\/tsv\/einberufung-der-vertreterversammlung","url":"https:\/\/tsv-ettlingen.de\/tsv\/einberufung-der-vertreterversammlung","name":"Einberufung der Vertreterversammlung - TSV Ettlingen","isPartOf":{"@id":"https:\/\/tsv-ettlingen.de\/tsv\/#website"},"datePublished":"2024-06-17T11:20:54+00:00","dateModified":"2024-06-17T11:20:55+00:00","description":"Die diesj\u00e4hrige Vertreterversammlung findet am Sonntag, 23. Juni, um 10.30 Uhr im Vereinsraum 007 im UG des Eichendorff-Gymnasiums statt.","breadcrumb":{"@id":"https:\/\/tsv-ettlingen.de\/tsv\/einberufung-der-vertreterversammlung#breadcrumb"},"inLanguage":"de","potentialAction":[{"@type":"ReadAction","target":["https:\/\/tsv-ettlingen.de\/tsv\/einberufung-der-vertreterversammlung"]}]},{"@type":"BreadcrumbList","@id":"https:\/\/tsv-ettlingen.de\/tsv\/einberufung-der-vertreterversammlung#breadcrumb","itemListElement":[{"@type":"ListItem","position":1,"name":"Startseite","item":"https:\/\/tsv-ettlingen.de\/tsv\/"},{"@type":"ListItem","position":2,"name":"Einberufung der Vertreterversammlung"}]},{"@type":"WebSite","@id":"https:\/\/tsv-ettlingen.de\/tsv\/#website","url":"https:\/\/tsv-ettlingen.de\/tsv\/","name":"TSV Ettlingen","description":"Zusammenhalt leben!","publisher":{"@id":"https:\/\/tsv-ettlingen.de\/tsv\/#organization"},"potentialAction":[{"@type":"SearchAction","target":{"@type":"EntryPoint","urlTemplate":"https:\/\/tsv-ettlingen.de\/tsv\/?s={search_term_string}"},"query-input":{"@type":"PropertyValueSpecification","valueRequired":true,"valueName":"search_term_string"}}],"inLanguage":"de"},{"@type":"Organization","@id":"https:\/\/tsv-ettlingen.de\/tsv\/#organization","name":"TSV Ettlingen e.V.","url":"https:\/\/tsv-ettlingen.de\/tsv\/","logo":{"@type":"ImageObject","inLanguage":"de","@id":"https:\/\/tsv-ettlingen.de\/tsv\/#\/schema\/logo\/image\/","url":"https:\/\/tsv-ettlingen.de\/tsv\/wp-content\/uploads\/2021\/05\/LOGO_Farbe.jpg","contentUrl":"https:\/\/tsv-ettlingen.de\/tsv\/wp-content\/uploads\/2021\/05\/LOGO_Farbe.jpg","width":2008,"height":1181,"caption":"TSV Ettlingen e.V."},"image":{"@id":"https:\/\/tsv-ettlingen.de\/tsv\/#\/schema\/logo\/image\/"},"sameAs":["https:\/\/www.instagram.com\/tsv_ettlingen\/"]},{"@type":"Person","@id":"https:\/\/tsv-ettlingen.de\/tsv\/#\/schema\/person\/4fe29ec5d992d5063165bd153dfa8f5a","name":"Nina Skala","image":{"@type":"ImageObject","inLanguage":"de","@id":"https:\/\/secure.gravatar.com\/avatar\/213999610ce51a277c47ed9436e7468b593e7e2ccfccac0a98a78b3a688f3f60?s=96&d=mm&r=g","url":"https:\/\/secure.gravatar.com\/avatar\/213999610ce51a277c47ed9436e7468b593e7e2ccfccac0a98a78b3a688f3f60?s=96&d=mm&r=g","contentUrl":"https:\/\/secure.gravatar.com\/avatar\/213999610ce51a277c47ed9436e7468b593e7e2ccfccac0a98a78b3a688f3f60?s=96&d=mm&r=g","caption":"Nina Skala"},"url":"https:\/\/tsv-ettlingen.de\/tsv\/author\/ninaskala"}]}},"_links":{"self":[{"href":"https:\/\/tsv-ettlingen.de\/tsv\/wp-json\/wp\/v2\/posts\/3788","targetHints":{"allow":["GET"]}}],"collection":[{"href":"https:\/\/tsv-ettlingen.de\/tsv\/wp-json\/wp\/v2\/posts"}],"about":[{"href":"https:\/\/tsv-ettlingen.de\/tsv\/wp-json\/wp\/v2\/types\/post"}],"author":[{"embeddable":true,"href":"https:\/\/tsv-ettlingen.de\/tsv\/wp-json\/wp\/v2\/users\/9"}],"replies":[{"embeddable":true,"href":"https:\/\/tsv-ettlingen.de\/tsv\/wp-json\/wp\/v2\/comments?post=3788"}],"version-history":[{"count":1,"href":"https:\/\/tsv-ettlingen.de\/tsv\/wp-json\/wp\/v2\/posts\/3788\/revisions"}],"predecessor-version":[{"id":3789,"href":"https:\/\/tsv-ettlingen.de\/tsv\/wp-json\/wp\/v2\/posts\/3788\/revisions\/3789"}],"wp:attachment":[{"href":"https:\/\/tsv-ettlingen.de\/tsv\/wp-json\/wp\/v2\/media?parent=3788"}],"wp:term":[{"taxonomy":"category","embeddable":true,"href":"https:\/\/tsv-ettlingen.de\/tsv\/wp-json\/wp\/v2\/categories?post=3788"},{"taxonomy":"post_tag","embeddable":true,"href":"https:\/\/tsv-ettlingen.de\/tsv\/wp-json\/wp\/v2\/tags?post=3788"}],"curies":[{"name":"wp","href":"https:\/\/api.w.org\/{rel}","templated":true}]}}