{"id":3958,"date":"2024-08-19T21:22:39","date_gmt":"2024-08-19T19:22:39","guid":{"rendered":"https:\/\/tsv-ettlingen.de\/tsv\/?p=3958"},"modified":"2024-08-22T21:26:14","modified_gmt":"2024-08-22T19:26:14","slug":"basketballfreizeit-in-baerenthal-2","status":"publish","type":"post","link":"https:\/\/tsv-ettlingen.de\/tsv\/basketballfreizeit-in-baerenthal-2","title":{"rendered":"Basketballfreizeit in Baerenthal"},"content":{"rendered":"\n<p>Vom 7. bis 11. August verbrachten 26 Jugendliche \u2013 15 Jungs und 11 M\u00e4dels \u2013 eine spannende Woche bei der Basketballfreizeit des TSV Ettlingen im franz\u00f6sischen Baerenthal. Sie wurden von sieben engagierten Betreuern begleitet, die daf\u00fcr sorgten, dass die Tage sowohl sportlich als auch spa\u00dfig gestaltet waren.&nbsp;<\/p>\n\n\n\n<h3 class=\"wp-block-heading has-neve-link-color-color has-text-color has-link-color wp-elements-7bba2dd6b6cefdcfab9cf420c4ab7142\">Intensives Basketballtraining und Athletikprogramm<\/h3>\n\n\n\n<p>Jeden Tag standen drei Stunden Basketballtraining auf dem Programm. Hier konnten alle ihre F\u00e4higkeiten verbessern, egal ob beim Dribbeln, Passen oder Werfen. Einige echte Basketballfans lie\u00dfen den Ball sogar bis in die Nacht hinein durch die Halle fliegen und standen am n\u00e4chsten Morgen schon vor dem Fr\u00fchst\u00fcck wieder bereit. Zus\u00e4tzlich zum Basketball gab es Athletiktrainingseinheiten im Au\u00dfenbereich, die das Programm abrundeten und f\u00fcr noch mehr Fitness sorgten. Nat\u00fcrlich wurden alle mit leckeren Mahlzeiten gest\u00e4rkt, um die Energie f\u00fcr den Tag zu behalten.&nbsp;<\/p>\n\n\n\n<h3 class=\"wp-block-heading has-neve-link-color-color has-text-color has-link-color wp-elements-508e8bb6a99fc07cd46338129492f451\">Ein besonderes Andenken: Die Freizeit-Shirts<\/h3>\n\n\n\n<p>Ein besonderes Highlight gleich am ersten Abend war die traditionelle Verteilung der Freizeit-T-Shirts. Jedes Jahr gibt es das Shirt in einer anderen Farbe und mit einem neuen Motiv \u2013 ein echtes Sammlerst\u00fcck! Es war f\u00fcr alle ein besonderer Moment, das diesj\u00e4hrige Shirt in Empfang zu nehmen und \u00fcberzustreifen.&nbsp;<\/p>\n\n\n\n<h3 class=\"wp-block-heading has-neve-link-color-color has-text-color has-link-color wp-elements-efa018af8bc5d07d72d2c31ac42597fa\">Abendliche Aktivit\u00e4ten und Gemeinschaft<\/h3>\n\n\n\n<p>Nach den intensiven Trainingseinheiten ging der Spa\u00df erst richtig los. Die Abende waren gef\u00fcllt mit coolen Aktionen: Kennenlernspiele, \u201eCapture the Flag\u201c, eine spannende Schnitzeljagd und eine erfrischende Wasserschlacht sorgten f\u00fcr jede Menge Unterhaltung und gemeinschaftliches Lachen. Der Grillabend mit Lagerfeuer und Marshmallows war ein weiteres Highlight, bei dem alle den Tag entspannt ausklingen lassen konnten.&nbsp;<\/p>\n\n\n\n<p>Am letzten Abend ging es dann nochmal richtig rund, als verschiedene Mini-Spiele f\u00fcr Spa\u00df und gute Laune sorgten. Auch das gemeinsame Anfeuern der deutschen Basketballnationalmannschaften bei den Olympischen Spielen durfte nicht fehlen. Mit viel Begeisterung fieberten alle mit und genossen das besondere Olympia-Feeling aus der Ferne. Geschlafen wurde in gem\u00fctlichen Zelth\u00fctten, die entweder in 12er- oder 4er-Gruppen belegt waren. Diese besondere Unterbringung trug zur Abenteuerstimmung bei und machte die Freizeit noch einzigartiger. Die An- und Abreise verlief stressfrei und bequem im Reisebus, der die gesamte Gruppe sicher nach Baerenthal und wieder zur\u00fcck nach Ettlingen brachte.&nbsp;<\/p>\n\n\n\n<h3 class=\"wp-block-heading has-neve-link-color-color has-text-color has-link-color wp-elements-6a8434f038e5c09ca6216041b7ffaef4\">Erfolgreicher Abschluss und Vorfreude aufs n\u00e4chste Jahr<\/h3>\n\n\n\n<p>Die Basketballfreizeit des TSV Ettlingen war ein voller Erfolg! Mit einer perfekten Mischung aus Basketball, Spa\u00df und vielen coolen Erlebnissen gingen alle mit tollen Erinnerungen nach Hause. Wer die besten Momente nochmal erleben m\u00f6chte, kann sich das Story-Highlight &#8222;Baerenthal 2024&#8220; auf dem TSV Instagram-Account anschauen. Die Vorfreude auf das n\u00e4chste Jahr ist schon jetzt riesig!<\/p>\n","protected":false},"excerpt":{"rendered":"<p>Vom 7. bis 11. August verbrachten 26 Jugendliche \u2013 15 Jungs und 11 M\u00e4dels \u2013 eine spannende Woche bei der Basketballfreizeit des TSV Ettlingen im franz\u00f6sischen Baerenthal. Sie wurden von sieben engagierten Betreuern begleitet, die daf\u00fcr sorgten, dass die Tage sowohl sportlich als auch spa\u00dfig gestaltet waren.&nbsp; Intensives Basketballtraining und Athletikprogramm Jeden Tag standen drei&hellip;&nbsp;<a href=\"https:\/\/tsv-ettlingen.de\/tsv\/basketballfreizeit-in-baerenthal-2\" rel=\"bookmark\">Weiterlesen &raquo;<span class=\"screen-reader-text\">Basketballfreizeit in Baerenthal<\/span><\/a><\/p>\n","protected":false},"author":9,"featured_media":3961,"comment_status":"open","ping_status":"open","sticky":false,"template":"","format":"standard","meta":{"neve_meta_sidebar":"","neve_meta_container":"","neve_meta_enable_content_width":"","neve_meta_content_width":0,"neve_meta_title_alignment":"","neve_meta_author_avatar":"","neve_post_elements_order":"","neve_meta_disable_header":"","neve_meta_disable_footer":"","neve_meta_disable_title":"","_themeisle_gutenberg_block_has_review":false,"footnotes":""},"categories":[1,18,283],"tags":[305,185,330,329],"class_list":["post-3958","post","type-post","status-publish","format-standard","has-post-thumbnail","hentry","category-allgemein","category-basketball","category-jugend","tag-baerenthal","tag-basketballfreizeit","tag-frankreich","tag-trainingslager"],"yoast_head":"<!-- This site is optimized with the Yoast SEO plugin v27.5 - https:\/\/yoast.com\/product\/yoast-seo-wordpress\/ -->\n<title>Basketballfreizeit in Baerenthal - TSV Ettlingen<\/title>\n<meta name=\"description\" content=\"Die TSV-Basketballfreizeit in Baerenthal bot intensive Trainings, spannende Spiele und unvergessliche Gemeinschaftserlebnisse.\" \/>\n<meta name=\"robots\" content=\"index, follow, max-snippet:-1, max-image-preview:large, max-video-preview:-1\" \/>\n<link rel=\"canonical\" href=\"https:\/\/tsv-ettlingen.de\/tsv\/basketballfreizeit-in-baerenthal-2\" \/>\n<meta property=\"og:locale\" content=\"de_DE\" \/>\n<meta property=\"og:type\" content=\"article\" \/>\n<meta property=\"og:title\" content=\"Basketballfreizeit in Baerenthal - TSV Ettlingen\" \/>\n<meta property=\"og:description\" content=\"Die TSV-Basketballfreizeit in Baerenthal bot intensive Trainings, spannende Spiele und unvergessliche Gemeinschaftserlebnisse.\" \/>\n<meta property=\"og:url\" content=\"https:\/\/tsv-ettlingen.de\/tsv\/basketballfreizeit-in-baerenthal-2\" \/>\n<meta property=\"og:site_name\" content=\"TSV Ettlingen\" \/>\n<meta property=\"article:published_time\" content=\"2024-08-19T19:22:39+00:00\" \/>\n<meta property=\"article:modified_time\" content=\"2024-08-22T19:26:14+00:00\" \/>\n<meta property=\"og:image\" content=\"https:\/\/tsv-ettlingen.de\/tsv\/wp-content\/uploads\/2024\/08\/DSC02546_1920x1080.jpg\" \/>\n\t<meta property=\"og:image:width\" content=\"1920\" \/>\n\t<meta property=\"og:image:height\" content=\"1080\" \/>\n\t<meta property=\"og:image:type\" content=\"image\/jpeg\" \/>\n<meta name=\"author\" content=\"Nina Skala\" \/>\n<meta name=\"twitter:card\" content=\"summary_large_image\" \/>\n<meta name=\"twitter:label1\" content=\"Verfasst von\" \/>\n\t<meta name=\"twitter:data1\" content=\"Nina Skala\" \/>\n\t<meta name=\"twitter:label2\" content=\"Gesch\u00e4tzte Lesezeit\" \/>\n\t<meta name=\"twitter:data2\" content=\"3\u00a0Minuten\" \/>\n<script type=\"application\/ld+json\" class=\"yoast-schema-graph\">{\"@context\":\"https:\\\/\\\/schema.org\",\"@graph\":[{\"@type\":\"Article\",\"@id\":\"https:\\\/\\\/tsv-ettlingen.de\\\/tsv\\\/basketballfreizeit-in-baerenthal-2#article\",\"isPartOf\":{\"@id\":\"https:\\\/\\\/tsv-ettlingen.de\\\/tsv\\\/basketballfreizeit-in-baerenthal-2\"},\"author\":{\"name\":\"Nina Skala\",\"@id\":\"https:\\\/\\\/tsv-ettlingen.de\\\/tsv\\\/#\\\/schema\\\/person\\\/4fe29ec5d992d5063165bd153dfa8f5a\"},\"headline\":\"Basketballfreizeit in Baerenthal\",\"datePublished\":\"2024-08-19T19:22:39+00:00\",\"dateModified\":\"2024-08-22T19:26:14+00:00\",\"mainEntityOfPage\":{\"@id\":\"https:\\\/\\\/tsv-ettlingen.de\\\/tsv\\\/basketballfreizeit-in-baerenthal-2\"},\"wordCount\":429,\"commentCount\":0,\"publisher\":{\"@id\":\"https:\\\/\\\/tsv-ettlingen.de\\\/tsv\\\/#organization\"},\"image\":{\"@id\":\"https:\\\/\\\/tsv-ettlingen.de\\\/tsv\\\/basketballfreizeit-in-baerenthal-2#primaryimage\"},\"thumbnailUrl\":\"https:\\\/\\\/tsv-ettlingen.de\\\/tsv\\\/wp-content\\\/uploads\\\/2024\\\/08\\\/DSC02546_1920x1080.jpg\",\"keywords\":[\"Baerenthal\",\"Basketballfreizeit\",\"Frankreich\",\"Trainingslager\"],\"articleSection\":{\"1\":\"Basketball\",\"2\":\"Jugend\"},\"inLanguage\":\"de\",\"potentialAction\":[{\"@type\":\"CommentAction\",\"name\":\"Comment\",\"target\":[\"https:\\\/\\\/tsv-ettlingen.de\\\/tsv\\\/basketballfreizeit-in-baerenthal-2#respond\"]}]},{\"@type\":\"WebPage\",\"@id\":\"https:\\\/\\\/tsv-ettlingen.de\\\/tsv\\\/basketballfreizeit-in-baerenthal-2\",\"url\":\"https:\\\/\\\/tsv-ettlingen.de\\\/tsv\\\/basketballfreizeit-in-baerenthal-2\",\"name\":\"Basketballfreizeit in Baerenthal - TSV Ettlingen\",\"isPartOf\":{\"@id\":\"https:\\\/\\\/tsv-ettlingen.de\\\/tsv\\\/#website\"},\"primaryImageOfPage\":{\"@id\":\"https:\\\/\\\/tsv-ettlingen.de\\\/tsv\\\/basketballfreizeit-in-baerenthal-2#primaryimage\"},\"image\":{\"@id\":\"https:\\\/\\\/tsv-ettlingen.de\\\/tsv\\\/basketballfreizeit-in-baerenthal-2#primaryimage\"},\"thumbnailUrl\":\"https:\\\/\\\/tsv-ettlingen.de\\\/tsv\\\/wp-content\\\/uploads\\\/2024\\\/08\\\/DSC02546_1920x1080.jpg\",\"datePublished\":\"2024-08-19T19:22:39+00:00\",\"dateModified\":\"2024-08-22T19:26:14+00:00\",\"description\":\"Die TSV-Basketballfreizeit in Baerenthal bot intensive Trainings, spannende Spiele und unvergessliche Gemeinschaftserlebnisse.\",\"breadcrumb\":{\"@id\":\"https:\\\/\\\/tsv-ettlingen.de\\\/tsv\\\/basketballfreizeit-in-baerenthal-2#breadcrumb\"},\"inLanguage\":\"de\",\"potentialAction\":[{\"@type\":\"ReadAction\",\"target\":[\"https:\\\/\\\/tsv-ettlingen.de\\\/tsv\\\/basketballfreizeit-in-baerenthal-2\"]}]},{\"@type\":\"ImageObject\",\"inLanguage\":\"de\",\"@id\":\"https:\\\/\\\/tsv-ettlingen.de\\\/tsv\\\/basketballfreizeit-in-baerenthal-2#primaryimage\",\"url\":\"https:\\\/\\\/tsv-ettlingen.de\\\/tsv\\\/wp-content\\\/uploads\\\/2024\\\/08\\\/DSC02546_1920x1080.jpg\",\"contentUrl\":\"https:\\\/\\\/tsv-ettlingen.de\\\/tsv\\\/wp-content\\\/uploads\\\/2024\\\/08\\\/DSC02546_1920x1080.jpg\",\"width\":1920,\"height\":1080},{\"@type\":\"BreadcrumbList\",\"@id\":\"https:\\\/\\\/tsv-ettlingen.de\\\/tsv\\\/basketballfreizeit-in-baerenthal-2#breadcrumb\",\"itemListElement\":[{\"@type\":\"ListItem\",\"position\":1,\"name\":\"Startseite\",\"item\":\"https:\\\/\\\/tsv-ettlingen.de\\\/tsv\\\/\"},{\"@type\":\"ListItem\",\"position\":2,\"name\":\"Basketballfreizeit in Baerenthal\"}]},{\"@type\":\"WebSite\",\"@id\":\"https:\\\/\\\/tsv-ettlingen.de\\\/tsv\\\/#website\",\"url\":\"https:\\\/\\\/tsv-ettlingen.de\\\/tsv\\\/\",\"name\":\"TSV Ettlingen\",\"description\":\"Zusammenhalt leben!\",\"publisher\":{\"@id\":\"https:\\\/\\\/tsv-ettlingen.de\\\/tsv\\\/#organization\"},\"potentialAction\":[{\"@type\":\"SearchAction\",\"target\":{\"@type\":\"EntryPoint\",\"urlTemplate\":\"https:\\\/\\\/tsv-ettlingen.de\\\/tsv\\\/?s={search_term_string}\"},\"query-input\":{\"@type\":\"PropertyValueSpecification\",\"valueRequired\":true,\"valueName\":\"search_term_string\"}}],\"inLanguage\":\"de\"},{\"@type\":\"Organization\",\"@id\":\"https:\\\/\\\/tsv-ettlingen.de\\\/tsv\\\/#organization\",\"name\":\"TSV Ettlingen e.V.\",\"url\":\"https:\\\/\\\/tsv-ettlingen.de\\\/tsv\\\/\",\"logo\":{\"@type\":\"ImageObject\",\"inLanguage\":\"de\",\"@id\":\"https:\\\/\\\/tsv-ettlingen.de\\\/tsv\\\/#\\\/schema\\\/logo\\\/image\\\/\",\"url\":\"https:\\\/\\\/tsv-ettlingen.de\\\/tsv\\\/wp-content\\\/uploads\\\/2021\\\/05\\\/LOGO_Farbe.jpg\",\"contentUrl\":\"https:\\\/\\\/tsv-ettlingen.de\\\/tsv\\\/wp-content\\\/uploads\\\/2021\\\/05\\\/LOGO_Farbe.jpg\",\"width\":2008,\"height\":1181,\"caption\":\"TSV Ettlingen e.V.\"},\"image\":{\"@id\":\"https:\\\/\\\/tsv-ettlingen.de\\\/tsv\\\/#\\\/schema\\\/logo\\\/image\\\/\"},\"sameAs\":[\"https:\\\/\\\/www.instagram.com\\\/tsv_ettlingen\\\/\"]},{\"@type\":\"Person\",\"@id\":\"https:\\\/\\\/tsv-ettlingen.de\\\/tsv\\\/#\\\/schema\\\/person\\\/4fe29ec5d992d5063165bd153dfa8f5a\",\"name\":\"Nina Skala\",\"image\":{\"@type\":\"ImageObject\",\"inLanguage\":\"de\",\"@id\":\"https:\\\/\\\/secure.gravatar.com\\\/avatar\\\/213999610ce51a277c47ed9436e7468b593e7e2ccfccac0a98a78b3a688f3f60?s=96&d=mm&r=g\",\"url\":\"https:\\\/\\\/secure.gravatar.com\\\/avatar\\\/213999610ce51a277c47ed9436e7468b593e7e2ccfccac0a98a78b3a688f3f60?s=96&d=mm&r=g\",\"contentUrl\":\"https:\\\/\\\/secure.gravatar.com\\\/avatar\\\/213999610ce51a277c47ed9436e7468b593e7e2ccfccac0a98a78b3a688f3f60?s=96&d=mm&r=g\",\"caption\":\"Nina Skala\"},\"url\":\"https:\\\/\\\/tsv-ettlingen.de\\\/tsv\\\/author\\\/ninaskala\"}]}<\/script>\n<!-- \/ Yoast SEO plugin. -->","yoast_head_json":{"title":"Basketballfreizeit in Baerenthal - TSV Ettlingen","description":"Die TSV-Basketballfreizeit in Baerenthal bot intensive Trainings, spannende Spiele und unvergessliche Gemeinschaftserlebnisse.","robots":{"index":"index","follow":"follow","max-snippet":"max-snippet:-1","max-image-preview":"max-image-preview:large","max-video-preview":"max-video-preview:-1"},"canonical":"https:\/\/tsv-ettlingen.de\/tsv\/basketballfreizeit-in-baerenthal-2","og_locale":"de_DE","og_type":"article","og_title":"Basketballfreizeit in Baerenthal - TSV Ettlingen","og_description":"Die TSV-Basketballfreizeit in Baerenthal bot intensive Trainings, spannende Spiele und unvergessliche Gemeinschaftserlebnisse.","og_url":"https:\/\/tsv-ettlingen.de\/tsv\/basketballfreizeit-in-baerenthal-2","og_site_name":"TSV Ettlingen","article_published_time":"2024-08-19T19:22:39+00:00","article_modified_time":"2024-08-22T19:26:14+00:00","og_image":[{"width":1920,"height":1080,"url":"https:\/\/tsv-ettlingen.de\/tsv\/wp-content\/uploads\/2024\/08\/DSC02546_1920x1080.jpg","type":"image\/jpeg"}],"author":"Nina Skala","twitter_card":"summary_large_image","twitter_misc":{"Verfasst von":"Nina Skala","Gesch\u00e4tzte Lesezeit":"3\u00a0Minuten"},"schema":{"@context":"https:\/\/schema.org","@graph":[{"@type":"Article","@id":"https:\/\/tsv-ettlingen.de\/tsv\/basketballfreizeit-in-baerenthal-2#article","isPartOf":{"@id":"https:\/\/tsv-ettlingen.de\/tsv\/basketballfreizeit-in-baerenthal-2"},"author":{"name":"Nina Skala","@id":"https:\/\/tsv-ettlingen.de\/tsv\/#\/schema\/person\/4fe29ec5d992d5063165bd153dfa8f5a"},"headline":"Basketballfreizeit in Baerenthal","datePublished":"2024-08-19T19:22:39+00:00","dateModified":"2024-08-22T19:26:14+00:00","mainEntityOfPage":{"@id":"https:\/\/tsv-ettlingen.de\/tsv\/basketballfreizeit-in-baerenthal-2"},"wordCount":429,"commentCount":0,"publisher":{"@id":"https:\/\/tsv-ettlingen.de\/tsv\/#organization"},"image":{"@id":"https:\/\/tsv-ettlingen.de\/tsv\/basketballfreizeit-in-baerenthal-2#primaryimage"},"thumbnailUrl":"https:\/\/tsv-ettlingen.de\/tsv\/wp-content\/uploads\/2024\/08\/DSC02546_1920x1080.jpg","keywords":["Baerenthal","Basketballfreizeit","Frankreich","Trainingslager"],"articleSection":{"1":"Basketball","2":"Jugend"},"inLanguage":"de","potentialAction":[{"@type":"CommentAction","name":"Comment","target":["https:\/\/tsv-ettlingen.de\/tsv\/basketballfreizeit-in-baerenthal-2#respond"]}]},{"@type":"WebPage","@id":"https:\/\/tsv-ettlingen.de\/tsv\/basketballfreizeit-in-baerenthal-2","url":"https:\/\/tsv-ettlingen.de\/tsv\/basketballfreizeit-in-baerenthal-2","name":"Basketballfreizeit in Baerenthal - TSV Ettlingen","isPartOf":{"@id":"https:\/\/tsv-ettlingen.de\/tsv\/#website"},"primaryImageOfPage":{"@id":"https:\/\/tsv-ettlingen.de\/tsv\/basketballfreizeit-in-baerenthal-2#primaryimage"},"image":{"@id":"https:\/\/tsv-ettlingen.de\/tsv\/basketballfreizeit-in-baerenthal-2#primaryimage"},"thumbnailUrl":"https:\/\/tsv-ettlingen.de\/tsv\/wp-content\/uploads\/2024\/08\/DSC02546_1920x1080.jpg","datePublished":"2024-08-19T19:22:39+00:00","dateModified":"2024-08-22T19:26:14+00:00","description":"Die TSV-Basketballfreizeit in Baerenthal bot intensive Trainings, spannende Spiele und unvergessliche Gemeinschaftserlebnisse.","breadcrumb":{"@id":"https:\/\/tsv-ettlingen.de\/tsv\/basketballfreizeit-in-baerenthal-2#breadcrumb"},"inLanguage":"de","potentialAction":[{"@type":"ReadAction","target":["https:\/\/tsv-ettlingen.de\/tsv\/basketballfreizeit-in-baerenthal-2"]}]},{"@type":"ImageObject","inLanguage":"de","@id":"https:\/\/tsv-ettlingen.de\/tsv\/basketballfreizeit-in-baerenthal-2#primaryimage","url":"https:\/\/tsv-ettlingen.de\/tsv\/wp-content\/uploads\/2024\/08\/DSC02546_1920x1080.jpg","contentUrl":"https:\/\/tsv-ettlingen.de\/tsv\/wp-content\/uploads\/2024\/08\/DSC02546_1920x1080.jpg","width":1920,"height":1080},{"@type":"BreadcrumbList","@id":"https:\/\/tsv-ettlingen.de\/tsv\/basketballfreizeit-in-baerenthal-2#breadcrumb","itemListElement":[{"@type":"ListItem","position":1,"name":"Startseite","item":"https:\/\/tsv-ettlingen.de\/tsv\/"},{"@type":"ListItem","position":2,"name":"Basketballfreizeit in Baerenthal"}]},{"@type":"WebSite","@id":"https:\/\/tsv-ettlingen.de\/tsv\/#website","url":"https:\/\/tsv-ettlingen.de\/tsv\/","name":"TSV Ettlingen","description":"Zusammenhalt leben!","publisher":{"@id":"https:\/\/tsv-ettlingen.de\/tsv\/#organization"},"potentialAction":[{"@type":"SearchAction","target":{"@type":"EntryPoint","urlTemplate":"https:\/\/tsv-ettlingen.de\/tsv\/?s={search_term_string}"},"query-input":{"@type":"PropertyValueSpecification","valueRequired":true,"valueName":"search_term_string"}}],"inLanguage":"de"},{"@type":"Organization","@id":"https:\/\/tsv-ettlingen.de\/tsv\/#organization","name":"TSV Ettlingen e.V.","url":"https:\/\/tsv-ettlingen.de\/tsv\/","logo":{"@type":"ImageObject","inLanguage":"de","@id":"https:\/\/tsv-ettlingen.de\/tsv\/#\/schema\/logo\/image\/","url":"https:\/\/tsv-ettlingen.de\/tsv\/wp-content\/uploads\/2021\/05\/LOGO_Farbe.jpg","contentUrl":"https:\/\/tsv-ettlingen.de\/tsv\/wp-content\/uploads\/2021\/05\/LOGO_Farbe.jpg","width":2008,"height":1181,"caption":"TSV Ettlingen e.V."},"image":{"@id":"https:\/\/tsv-ettlingen.de\/tsv\/#\/schema\/logo\/image\/"},"sameAs":["https:\/\/www.instagram.com\/tsv_ettlingen\/"]},{"@type":"Person","@id":"https:\/\/tsv-ettlingen.de\/tsv\/#\/schema\/person\/4fe29ec5d992d5063165bd153dfa8f5a","name":"Nina Skala","image":{"@type":"ImageObject","inLanguage":"de","@id":"https:\/\/secure.gravatar.com\/avatar\/213999610ce51a277c47ed9436e7468b593e7e2ccfccac0a98a78b3a688f3f60?s=96&d=mm&r=g","url":"https:\/\/secure.gravatar.com\/avatar\/213999610ce51a277c47ed9436e7468b593e7e2ccfccac0a98a78b3a688f3f60?s=96&d=mm&r=g","contentUrl":"https:\/\/secure.gravatar.com\/avatar\/213999610ce51a277c47ed9436e7468b593e7e2ccfccac0a98a78b3a688f3f60?s=96&d=mm&r=g","caption":"Nina Skala"},"url":"https:\/\/tsv-ettlingen.de\/tsv\/author\/ninaskala"}]}},"_links":{"self":[{"href":"https:\/\/tsv-ettlingen.de\/tsv\/wp-json\/wp\/v2\/posts\/3958","targetHints":{"allow":["GET"]}}],"collection":[{"href":"https:\/\/tsv-ettlingen.de\/tsv\/wp-json\/wp\/v2\/posts"}],"about":[{"href":"https:\/\/tsv-ettlingen.de\/tsv\/wp-json\/wp\/v2\/types\/post"}],"author":[{"embeddable":true,"href":"https:\/\/tsv-ettlingen.de\/tsv\/wp-json\/wp\/v2\/users\/9"}],"replies":[{"embeddable":true,"href":"https:\/\/tsv-ettlingen.de\/tsv\/wp-json\/wp\/v2\/comments?post=3958"}],"version-history":[{"count":1,"href":"https:\/\/tsv-ettlingen.de\/tsv\/wp-json\/wp\/v2\/posts\/3958\/revisions"}],"predecessor-version":[{"id":3960,"href":"https:\/\/tsv-ettlingen.de\/tsv\/wp-json\/wp\/v2\/posts\/3958\/revisions\/3960"}],"wp:featuredmedia":[{"embeddable":true,"href":"https:\/\/tsv-ettlingen.de\/tsv\/wp-json\/wp\/v2\/media\/3961"}],"wp:attachment":[{"href":"https:\/\/tsv-ettlingen.de\/tsv\/wp-json\/wp\/v2\/media?parent=3958"}],"wp:term":[{"taxonomy":"category","embeddable":true,"href":"https:\/\/tsv-ettlingen.de\/tsv\/wp-json\/wp\/v2\/categories?post=3958"},{"taxonomy":"post_tag","embeddable":true,"href":"https:\/\/tsv-ettlingen.de\/tsv\/wp-json\/wp\/v2\/tags?post=3958"}],"curies":[{"name":"wp","href":"https:\/\/api.w.org\/{rel}","templated":true}]}}