{"id":5131,"date":"2026-01-19T20:26:00","date_gmt":"2026-01-19T19:26:00","guid":{"rendered":"https:\/\/tsv-ettlingen.de\/tsv\/?p=5131"},"modified":"2026-01-28T10:28:55","modified_gmt":"2026-01-28T09:28:55","slug":"u16-maedels-unterliegen-deutlich-beim-usc-freiburg","status":"publish","type":"post","link":"https:\/\/tsv-ettlingen.de\/tsv\/u16-maedels-unterliegen-deutlich-beim-usc-freiburg","title":{"rendered":"U16-M\u00e4dels unterliegen deutlich beim USC Freiburg"},"content":{"rendered":"\n<p>Eine klare Niederlage mussten die U16-M\u00e4dels des TSV bei ihrem Ausw\u00e4rtsspiel gegen die dritte Mannschaft des USC Freiburg hinnehmen. Am Ende stand ein deutliches 71:43 f\u00fcr die Gastgeberinnen auf der Anzeigetafel.<\/p>\n\n\n\n<p>Der Start in die Partie verlief aus Sicht der TSV-M\u00e4dels denkbar schlecht. Freiburg erwischte einen Blitzstart und setzte sich schnell mit 14:0 ab. Erst nach einer fr\u00fchen Auszeit fanden die Ettlingerinnen besser ins Spiel. Mit mehr Aggressivit\u00e4t in der Defense und einem eigenen 0:10-Run k\u00e4mpfte sich der TSV zur\u00fcck und verk\u00fcrzte den R\u00fcckstand bis zur Halbzeit auf acht Punkte \u2013 ein starkes Zeichen nach dem misslungenen Beginn.<\/p>\n\n\n\n<p>Nach dem Seitenwechsel kippte die Partie jedoch endg\u00fcltig zugunsten der Gastgeberinnen. Ab dem dritten Viertel lief beim TSV kaum noch etwas zusammen. Viele Fehlp\u00e4sse und Unkonzentriertheiten im Aufbauspiel luden Freiburg immer wieder zu einfachen Punkten ein. Die USC-M\u00e4dels nutzten diese konsequent aus und bauten ihren Vorsprung kontinuierlich aus, sodass am Ende eine klare 71:43-Niederlage f\u00fcr den TSV zu Buche stand.<\/p>\n\n\n\n<p>Dementsprechend war der Frust nach dem Spiel gro\u00df. Jetzt hei\u00dft es jedoch Kopf hoch und im n\u00e4chsten Spiel gegen Bretten eine andere Seite zeigen.<\/p>\n\n\n\n<h3 class=\"wp-block-heading has-neve-link-color-color has-text-color has-link-color wp-elements-999ca27b7486d32b2f002306d06e3c0f\"><strong>USC Freiburg 3 &#8211; TSV Ettlingen<\/strong>\u00a0<strong>71:43<\/strong><\/h3>\n\n\n\n<p><strong>Viertelergebnisse:\u00a0<\/strong>14:10, 16:12, 15:11, 26:10<br><strong>Es spielten:\u00a0<\/strong>Milla Kiesecker (24 Punkte), Hanna Storr (10), Clara Zhou (3), Milana V\u00f6lker (2), Merle Landler (2), Nele Mantke (2), Victoria Frey und Johanna Eidenm\u00fcller<\/p>\n","protected":false},"excerpt":{"rendered":"<p>Eine klare Niederlage mussten die U16-M\u00e4dels des TSV bei ihrem Ausw\u00e4rtsspiel gegen die dritte Mannschaft des USC Freiburg hinnehmen. Am Ende stand ein deutliches 71:43 f\u00fcr die Gastgeberinnen auf der Anzeigetafel. Der Start in die Partie verlief aus Sicht der TSV-M\u00e4dels denkbar schlecht. Freiburg erwischte einen Blitzstart und setzte sich schnell mit 14:0 ab. Erst&hellip;&nbsp;<a href=\"https:\/\/tsv-ettlingen.de\/tsv\/u16-maedels-unterliegen-deutlich-beim-usc-freiburg\" rel=\"bookmark\">Weiterlesen &raquo;<span class=\"screen-reader-text\">U16-M\u00e4dels unterliegen deutlich beim USC Freiburg<\/span><\/a><\/p>\n","protected":false},"author":9,"featured_media":0,"comment_status":"open","ping_status":"open","sticky":false,"template":"","format":"standard","meta":{"neve_meta_sidebar":"","neve_meta_container":"","neve_meta_enable_content_width":"","neve_meta_content_width":0,"neve_meta_title_alignment":"","neve_meta_author_avatar":"","neve_post_elements_order":"","neve_meta_disable_header":"","neve_meta_disable_footer":"","neve_meta_disable_title":"","_themeisle_gutenberg_block_has_review":false,"footnotes":""},"categories":[18,283],"tags":[55,42,233,57],"class_list":["post-5131","post","type-post","status-publish","format-standard","hentry","category-basketball","category-jugend","tag-landesliga","tag-niederlage","tag-u16-weiblich","tag-usc-freiburg"],"yoast_head":"<!-- This site is optimized with the Yoast SEO plugin v27.5 - https:\/\/yoast.com\/product\/yoast-seo-wordpress\/ -->\n<title>U16-M\u00e4dels unterliegen deutlich beim USC Freiburg - TSV Ettlingen<\/title>\n<meta name=\"description\" content=\"Eine klare Niederlage mussten die U16-M\u00e4dels des TSV bei ihrem Ausw\u00e4rtsspiel gegen die dritte Mannschaft des USC Freiburg hinnehmen.\" \/>\n<meta name=\"robots\" content=\"index, follow, max-snippet:-1, max-image-preview:large, max-video-preview:-1\" \/>\n<link rel=\"canonical\" href=\"https:\/\/tsv-ettlingen.de\/tsv\/u16-maedels-unterliegen-deutlich-beim-usc-freiburg\" \/>\n<meta property=\"og:locale\" content=\"de_DE\" \/>\n<meta property=\"og:type\" content=\"article\" \/>\n<meta property=\"og:title\" content=\"U16-M\u00e4dels unterliegen deutlich beim USC Freiburg - TSV Ettlingen\" \/>\n<meta property=\"og:description\" content=\"Eine klare Niederlage mussten die U16-M\u00e4dels des TSV bei ihrem Ausw\u00e4rtsspiel gegen die dritte Mannschaft des USC Freiburg hinnehmen.\" \/>\n<meta property=\"og:url\" content=\"https:\/\/tsv-ettlingen.de\/tsv\/u16-maedels-unterliegen-deutlich-beim-usc-freiburg\" \/>\n<meta property=\"og:site_name\" content=\"TSV Ettlingen\" \/>\n<meta property=\"article:published_time\" content=\"2026-01-19T19:26:00+00:00\" \/>\n<meta property=\"article:modified_time\" content=\"2026-01-28T09:28:55+00:00\" \/>\n<meta name=\"author\" content=\"Nina Skala\" \/>\n<meta name=\"twitter:card\" content=\"summary_large_image\" \/>\n<meta name=\"twitter:label1\" content=\"Verfasst von\" \/>\n\t<meta name=\"twitter:data1\" content=\"Nina Skala\" \/>\n\t<meta name=\"twitter:label2\" content=\"Gesch\u00e4tzte Lesezeit\" \/>\n\t<meta name=\"twitter:data2\" content=\"2\u00a0Minuten\" \/>\n<script type=\"application\/ld+json\" class=\"yoast-schema-graph\">{\"@context\":\"https:\\\/\\\/schema.org\",\"@graph\":[{\"@type\":\"Article\",\"@id\":\"https:\\\/\\\/tsv-ettlingen.de\\\/tsv\\\/u16-maedels-unterliegen-deutlich-beim-usc-freiburg#article\",\"isPartOf\":{\"@id\":\"https:\\\/\\\/tsv-ettlingen.de\\\/tsv\\\/u16-maedels-unterliegen-deutlich-beim-usc-freiburg\"},\"author\":{\"name\":\"Nina Skala\",\"@id\":\"https:\\\/\\\/tsv-ettlingen.de\\\/tsv\\\/#\\\/schema\\\/person\\\/4fe29ec5d992d5063165bd153dfa8f5a\"},\"headline\":\"U16-M\u00e4dels unterliegen deutlich beim USC Freiburg\",\"datePublished\":\"2026-01-19T19:26:00+00:00\",\"dateModified\":\"2026-01-28T09:28:55+00:00\",\"mainEntityOfPage\":{\"@id\":\"https:\\\/\\\/tsv-ettlingen.de\\\/tsv\\\/u16-maedels-unterliegen-deutlich-beim-usc-freiburg\"},\"wordCount\":232,\"commentCount\":0,\"publisher\":{\"@id\":\"https:\\\/\\\/tsv-ettlingen.de\\\/tsv\\\/#organization\"},\"keywords\":[\"Landesliga\",\"Niederlage\",\"U16 weiblich\",\"USC Freiburg\"],\"articleSection\":[\"Basketball\",\"Jugend\"],\"inLanguage\":\"de\",\"potentialAction\":[{\"@type\":\"CommentAction\",\"name\":\"Comment\",\"target\":[\"https:\\\/\\\/tsv-ettlingen.de\\\/tsv\\\/u16-maedels-unterliegen-deutlich-beim-usc-freiburg#respond\"]}]},{\"@type\":\"WebPage\",\"@id\":\"https:\\\/\\\/tsv-ettlingen.de\\\/tsv\\\/u16-maedels-unterliegen-deutlich-beim-usc-freiburg\",\"url\":\"https:\\\/\\\/tsv-ettlingen.de\\\/tsv\\\/u16-maedels-unterliegen-deutlich-beim-usc-freiburg\",\"name\":\"U16-M\u00e4dels unterliegen deutlich beim USC Freiburg - TSV Ettlingen\",\"isPartOf\":{\"@id\":\"https:\\\/\\\/tsv-ettlingen.de\\\/tsv\\\/#website\"},\"datePublished\":\"2026-01-19T19:26:00+00:00\",\"dateModified\":\"2026-01-28T09:28:55+00:00\",\"description\":\"Eine klare Niederlage mussten die U16-M\u00e4dels des TSV bei ihrem Ausw\u00e4rtsspiel gegen die dritte Mannschaft des USC Freiburg hinnehmen.\",\"breadcrumb\":{\"@id\":\"https:\\\/\\\/tsv-ettlingen.de\\\/tsv\\\/u16-maedels-unterliegen-deutlich-beim-usc-freiburg#breadcrumb\"},\"inLanguage\":\"de\",\"potentialAction\":[{\"@type\":\"ReadAction\",\"target\":[\"https:\\\/\\\/tsv-ettlingen.de\\\/tsv\\\/u16-maedels-unterliegen-deutlich-beim-usc-freiburg\"]}]},{\"@type\":\"BreadcrumbList\",\"@id\":\"https:\\\/\\\/tsv-ettlingen.de\\\/tsv\\\/u16-maedels-unterliegen-deutlich-beim-usc-freiburg#breadcrumb\",\"itemListElement\":[{\"@type\":\"ListItem\",\"position\":1,\"name\":\"Startseite\",\"item\":\"https:\\\/\\\/tsv-ettlingen.de\\\/tsv\\\/\"},{\"@type\":\"ListItem\",\"position\":2,\"name\":\"U16-M\u00e4dels unterliegen deutlich beim USC Freiburg\"}]},{\"@type\":\"WebSite\",\"@id\":\"https:\\\/\\\/tsv-ettlingen.de\\\/tsv\\\/#website\",\"url\":\"https:\\\/\\\/tsv-ettlingen.de\\\/tsv\\\/\",\"name\":\"TSV Ettlingen\",\"description\":\"Zusammenhalt leben!\",\"publisher\":{\"@id\":\"https:\\\/\\\/tsv-ettlingen.de\\\/tsv\\\/#organization\"},\"potentialAction\":[{\"@type\":\"SearchAction\",\"target\":{\"@type\":\"EntryPoint\",\"urlTemplate\":\"https:\\\/\\\/tsv-ettlingen.de\\\/tsv\\\/?s={search_term_string}\"},\"query-input\":{\"@type\":\"PropertyValueSpecification\",\"valueRequired\":true,\"valueName\":\"search_term_string\"}}],\"inLanguage\":\"de\"},{\"@type\":\"Organization\",\"@id\":\"https:\\\/\\\/tsv-ettlingen.de\\\/tsv\\\/#organization\",\"name\":\"TSV Ettlingen e.V.\",\"url\":\"https:\\\/\\\/tsv-ettlingen.de\\\/tsv\\\/\",\"logo\":{\"@type\":\"ImageObject\",\"inLanguage\":\"de\",\"@id\":\"https:\\\/\\\/tsv-ettlingen.de\\\/tsv\\\/#\\\/schema\\\/logo\\\/image\\\/\",\"url\":\"https:\\\/\\\/tsv-ettlingen.de\\\/tsv\\\/wp-content\\\/uploads\\\/2021\\\/05\\\/LOGO_Farbe.jpg\",\"contentUrl\":\"https:\\\/\\\/tsv-ettlingen.de\\\/tsv\\\/wp-content\\\/uploads\\\/2021\\\/05\\\/LOGO_Farbe.jpg\",\"width\":2008,\"height\":1181,\"caption\":\"TSV Ettlingen e.V.\"},\"image\":{\"@id\":\"https:\\\/\\\/tsv-ettlingen.de\\\/tsv\\\/#\\\/schema\\\/logo\\\/image\\\/\"},\"sameAs\":[\"https:\\\/\\\/www.instagram.com\\\/tsv_ettlingen\\\/\"]},{\"@type\":\"Person\",\"@id\":\"https:\\\/\\\/tsv-ettlingen.de\\\/tsv\\\/#\\\/schema\\\/person\\\/4fe29ec5d992d5063165bd153dfa8f5a\",\"name\":\"Nina Skala\",\"image\":{\"@type\":\"ImageObject\",\"inLanguage\":\"de\",\"@id\":\"https:\\\/\\\/secure.gravatar.com\\\/avatar\\\/213999610ce51a277c47ed9436e7468b593e7e2ccfccac0a98a78b3a688f3f60?s=96&d=mm&r=g\",\"url\":\"https:\\\/\\\/secure.gravatar.com\\\/avatar\\\/213999610ce51a277c47ed9436e7468b593e7e2ccfccac0a98a78b3a688f3f60?s=96&d=mm&r=g\",\"contentUrl\":\"https:\\\/\\\/secure.gravatar.com\\\/avatar\\\/213999610ce51a277c47ed9436e7468b593e7e2ccfccac0a98a78b3a688f3f60?s=96&d=mm&r=g\",\"caption\":\"Nina Skala\"},\"url\":\"https:\\\/\\\/tsv-ettlingen.de\\\/tsv\\\/author\\\/ninaskala\"}]}<\/script>\n<!-- \/ Yoast SEO plugin. -->","yoast_head_json":{"title":"U16-M\u00e4dels unterliegen deutlich beim USC Freiburg - TSV Ettlingen","description":"Eine klare Niederlage mussten die U16-M\u00e4dels des TSV bei ihrem Ausw\u00e4rtsspiel gegen die dritte Mannschaft des USC Freiburg hinnehmen.","robots":{"index":"index","follow":"follow","max-snippet":"max-snippet:-1","max-image-preview":"max-image-preview:large","max-video-preview":"max-video-preview:-1"},"canonical":"https:\/\/tsv-ettlingen.de\/tsv\/u16-maedels-unterliegen-deutlich-beim-usc-freiburg","og_locale":"de_DE","og_type":"article","og_title":"U16-M\u00e4dels unterliegen deutlich beim USC Freiburg - TSV Ettlingen","og_description":"Eine klare Niederlage mussten die U16-M\u00e4dels des TSV bei ihrem Ausw\u00e4rtsspiel gegen die dritte Mannschaft des USC Freiburg hinnehmen.","og_url":"https:\/\/tsv-ettlingen.de\/tsv\/u16-maedels-unterliegen-deutlich-beim-usc-freiburg","og_site_name":"TSV Ettlingen","article_published_time":"2026-01-19T19:26:00+00:00","article_modified_time":"2026-01-28T09:28:55+00:00","author":"Nina Skala","twitter_card":"summary_large_image","twitter_misc":{"Verfasst von":"Nina Skala","Gesch\u00e4tzte Lesezeit":"2\u00a0Minuten"},"schema":{"@context":"https:\/\/schema.org","@graph":[{"@type":"Article","@id":"https:\/\/tsv-ettlingen.de\/tsv\/u16-maedels-unterliegen-deutlich-beim-usc-freiburg#article","isPartOf":{"@id":"https:\/\/tsv-ettlingen.de\/tsv\/u16-maedels-unterliegen-deutlich-beim-usc-freiburg"},"author":{"name":"Nina Skala","@id":"https:\/\/tsv-ettlingen.de\/tsv\/#\/schema\/person\/4fe29ec5d992d5063165bd153dfa8f5a"},"headline":"U16-M\u00e4dels unterliegen deutlich beim USC Freiburg","datePublished":"2026-01-19T19:26:00+00:00","dateModified":"2026-01-28T09:28:55+00:00","mainEntityOfPage":{"@id":"https:\/\/tsv-ettlingen.de\/tsv\/u16-maedels-unterliegen-deutlich-beim-usc-freiburg"},"wordCount":232,"commentCount":0,"publisher":{"@id":"https:\/\/tsv-ettlingen.de\/tsv\/#organization"},"keywords":["Landesliga","Niederlage","U16 weiblich","USC Freiburg"],"articleSection":["Basketball","Jugend"],"inLanguage":"de","potentialAction":[{"@type":"CommentAction","name":"Comment","target":["https:\/\/tsv-ettlingen.de\/tsv\/u16-maedels-unterliegen-deutlich-beim-usc-freiburg#respond"]}]},{"@type":"WebPage","@id":"https:\/\/tsv-ettlingen.de\/tsv\/u16-maedels-unterliegen-deutlich-beim-usc-freiburg","url":"https:\/\/tsv-ettlingen.de\/tsv\/u16-maedels-unterliegen-deutlich-beim-usc-freiburg","name":"U16-M\u00e4dels unterliegen deutlich beim USC Freiburg - TSV Ettlingen","isPartOf":{"@id":"https:\/\/tsv-ettlingen.de\/tsv\/#website"},"datePublished":"2026-01-19T19:26:00+00:00","dateModified":"2026-01-28T09:28:55+00:00","description":"Eine klare Niederlage mussten die U16-M\u00e4dels des TSV bei ihrem Ausw\u00e4rtsspiel gegen die dritte Mannschaft des USC Freiburg hinnehmen.","breadcrumb":{"@id":"https:\/\/tsv-ettlingen.de\/tsv\/u16-maedels-unterliegen-deutlich-beim-usc-freiburg#breadcrumb"},"inLanguage":"de","potentialAction":[{"@type":"ReadAction","target":["https:\/\/tsv-ettlingen.de\/tsv\/u16-maedels-unterliegen-deutlich-beim-usc-freiburg"]}]},{"@type":"BreadcrumbList","@id":"https:\/\/tsv-ettlingen.de\/tsv\/u16-maedels-unterliegen-deutlich-beim-usc-freiburg#breadcrumb","itemListElement":[{"@type":"ListItem","position":1,"name":"Startseite","item":"https:\/\/tsv-ettlingen.de\/tsv\/"},{"@type":"ListItem","position":2,"name":"U16-M\u00e4dels unterliegen deutlich beim USC Freiburg"}]},{"@type":"WebSite","@id":"https:\/\/tsv-ettlingen.de\/tsv\/#website","url":"https:\/\/tsv-ettlingen.de\/tsv\/","name":"TSV Ettlingen","description":"Zusammenhalt leben!","publisher":{"@id":"https:\/\/tsv-ettlingen.de\/tsv\/#organization"},"potentialAction":[{"@type":"SearchAction","target":{"@type":"EntryPoint","urlTemplate":"https:\/\/tsv-ettlingen.de\/tsv\/?s={search_term_string}"},"query-input":{"@type":"PropertyValueSpecification","valueRequired":true,"valueName":"search_term_string"}}],"inLanguage":"de"},{"@type":"Organization","@id":"https:\/\/tsv-ettlingen.de\/tsv\/#organization","name":"TSV Ettlingen e.V.","url":"https:\/\/tsv-ettlingen.de\/tsv\/","logo":{"@type":"ImageObject","inLanguage":"de","@id":"https:\/\/tsv-ettlingen.de\/tsv\/#\/schema\/logo\/image\/","url":"https:\/\/tsv-ettlingen.de\/tsv\/wp-content\/uploads\/2021\/05\/LOGO_Farbe.jpg","contentUrl":"https:\/\/tsv-ettlingen.de\/tsv\/wp-content\/uploads\/2021\/05\/LOGO_Farbe.jpg","width":2008,"height":1181,"caption":"TSV Ettlingen e.V."},"image":{"@id":"https:\/\/tsv-ettlingen.de\/tsv\/#\/schema\/logo\/image\/"},"sameAs":["https:\/\/www.instagram.com\/tsv_ettlingen\/"]},{"@type":"Person","@id":"https:\/\/tsv-ettlingen.de\/tsv\/#\/schema\/person\/4fe29ec5d992d5063165bd153dfa8f5a","name":"Nina Skala","image":{"@type":"ImageObject","inLanguage":"de","@id":"https:\/\/secure.gravatar.com\/avatar\/213999610ce51a277c47ed9436e7468b593e7e2ccfccac0a98a78b3a688f3f60?s=96&d=mm&r=g","url":"https:\/\/secure.gravatar.com\/avatar\/213999610ce51a277c47ed9436e7468b593e7e2ccfccac0a98a78b3a688f3f60?s=96&d=mm&r=g","contentUrl":"https:\/\/secure.gravatar.com\/avatar\/213999610ce51a277c47ed9436e7468b593e7e2ccfccac0a98a78b3a688f3f60?s=96&d=mm&r=g","caption":"Nina Skala"},"url":"https:\/\/tsv-ettlingen.de\/tsv\/author\/ninaskala"}]}},"_links":{"self":[{"href":"https:\/\/tsv-ettlingen.de\/tsv\/wp-json\/wp\/v2\/posts\/5131","targetHints":{"allow":["GET"]}}],"collection":[{"href":"https:\/\/tsv-ettlingen.de\/tsv\/wp-json\/wp\/v2\/posts"}],"about":[{"href":"https:\/\/tsv-ettlingen.de\/tsv\/wp-json\/wp\/v2\/types\/post"}],"author":[{"embeddable":true,"href":"https:\/\/tsv-ettlingen.de\/tsv\/wp-json\/wp\/v2\/users\/9"}],"replies":[{"embeddable":true,"href":"https:\/\/tsv-ettlingen.de\/tsv\/wp-json\/wp\/v2\/comments?post=5131"}],"version-history":[{"count":1,"href":"https:\/\/tsv-ettlingen.de\/tsv\/wp-json\/wp\/v2\/posts\/5131\/revisions"}],"predecessor-version":[{"id":5132,"href":"https:\/\/tsv-ettlingen.de\/tsv\/wp-json\/wp\/v2\/posts\/5131\/revisions\/5132"}],"wp:attachment":[{"href":"https:\/\/tsv-ettlingen.de\/tsv\/wp-json\/wp\/v2\/media?parent=5131"}],"wp:term":[{"taxonomy":"category","embeddable":true,"href":"https:\/\/tsv-ettlingen.de\/tsv\/wp-json\/wp\/v2\/categories?post=5131"},{"taxonomy":"post_tag","embeddable":true,"href":"https:\/\/tsv-ettlingen.de\/tsv\/wp-json\/wp\/v2\/tags?post=5131"}],"curies":[{"name":"wp","href":"https:\/\/api.w.org\/{rel}","templated":true}]}}