{"id":5133,"date":"2026-01-20T10:28:59","date_gmt":"2026-01-20T09:28:59","guid":{"rendered":"https:\/\/tsv-ettlingen.de\/tsv\/?p=5133"},"modified":"2026-01-28T10:32:50","modified_gmt":"2026-01-28T09:32:50","slug":"u18-maedels-gehen-mit-erhobenem-haupt-aus-niederlage-hervor","status":"publish","type":"post","link":"https:\/\/tsv-ettlingen.de\/tsv\/u18-maedels-gehen-mit-erhobenem-haupt-aus-niederlage-hervor","title":{"rendered":"U18-M\u00e4dels gehen mit erhobenem Haupt aus Niederlage hervor"},"content":{"rendered":"\n<p>Die U18-M\u00e4dels des TSV Ettlingen traten am vergangenen Spieltag ausw\u00e4rts beim TSV Berghausen an und mussten sich am Ende mit 50:43 geschlagen geben. Trotz der Niederlage zeigte das Team vor allem in der zweiten Halbzeit eine starke Leistung und gro\u00dfe Moral.<\/p>\n\n\n\n<p>Der Start in die Partie verlief jedoch alles andere als optimal. In der Anfangsphase tat sich Ettlingen sowohl offensiv als auch defensiv schwer. Die Gastgeberinnen kamen immer wieder \u00fcber schnelle Angriffe zu einfachen Punkten, Ettlingen lie\u00df mehrere offene Chancen liegen, sodass das erste Viertel deutlich mit 19:3 an Berghausen ging. Auch im zweiten Abschnitt blieb das Reboundverhalten eine Schwachstelle, wodurch Berghausen den Vorsprung weiter ausbauen konnte. Mit einem 16:8 im zweiten Viertel ging es mit einem klaren R\u00fcckstand in die Halbzeitpause.<\/p>\n\n\n\n<p>Nach der Pause pr\u00e4sentierte sich der TSV Ettlingen jedoch wie verwandelt. Im dritten Viertel zeigten die M\u00e4dels ihr mit Abstand bestes Basketballspiel des Tages. Die Korbleger fielen nun sicher, der Ball lief gut durch die eigenen Reihen und auch k\u00f6rperlich war das Team deutlich pr\u00e4senter. Dieses starke Zusammenspiel spiegelte sich auch auf der Anzeigetafel wider \u2013 Ettlingen entschied das dritte Viertel klar mit 21:7 f\u00fcr sich.<\/p>\n\n\n\n<p>Im Schlussviertel versuchten die M\u00e4dels, den Schwung mitzunehmen. Zwar reichte es nicht mehr ganz, um den R\u00fcckstand vollst\u00e4ndig aufzuholen, doch auch im letzten Abschnitt zeigte das Team Einsatz und Zusammenhalt (8:11). Besonders positiv hervorzuheben war die durchgehend gute Stimmung auf und neben dem Feld: Die Spielerinnen unterst\u00fctzten sich gegenseitig und glaubten bis zum Schluss daran, dass noch etwas m\u00f6glich ist.<\/p>\n\n\n\n<p>Auch wenn am Ende eine 50:43-Niederlage zu Buche stand, kann der TSV Ettlingen viele positive Aspekte aus dieser Ausw\u00e4rtspartie mitnehmen \u2013 insbesondere die mannschaftliche Geschlossenheit macht Mut f\u00fcr die kommenden Spiele.<\/p>\n\n\n\n<h3 class=\"wp-block-heading has-neve-link-color-color has-text-color has-link-color wp-elements-692a04b16e8f5dcc7a607c78ce237d6e\"><strong>TSV Berghausen &#8211; TSV Ettlingen<\/strong>\u00a0<strong>50:43<\/strong><\/h3>\n\n\n\n<p><strong>Viertelergebnisse:\u00a0<\/strong>19:3, 16:8, 7:21, 8:11<br><strong>Es spielten:\u00a0<\/strong>Mika Murakami (13 Punkte), Katharina Schoppik (12), Saya Murakami (7), Milana V\u00f6lker (4), Josefine Reiser (3), Rebecca Schultz (2) und Johanna R\u00fcbel (2)<\/p>\n","protected":false},"excerpt":{"rendered":"<p>Die U18-M\u00e4dels des TSV Ettlingen traten am vergangenen Spieltag ausw\u00e4rts beim TSV Berghausen an und mussten sich am Ende mit 50:43 geschlagen geben. Trotz der Niederlage zeigte das Team vor allem in der zweiten Halbzeit eine starke Leistung und gro\u00dfe Moral. Der Start in die Partie verlief jedoch alles andere als optimal. In der Anfangsphase&hellip;&nbsp;<a href=\"https:\/\/tsv-ettlingen.de\/tsv\/u18-maedels-gehen-mit-erhobenem-haupt-aus-niederlage-hervor\" rel=\"bookmark\">Weiterlesen &raquo;<span class=\"screen-reader-text\">U18-M\u00e4dels gehen mit erhobenem Haupt aus Niederlage hervor<\/span><\/a><\/p>\n","protected":false},"author":9,"featured_media":0,"comment_status":"open","ping_status":"open","sticky":false,"template":"","format":"standard","meta":{"neve_meta_sidebar":"","neve_meta_container":"","neve_meta_enable_content_width":"","neve_meta_content_width":0,"neve_meta_title_alignment":"","neve_meta_author_avatar":"","neve_post_elements_order":"","neve_meta_disable_header":"","neve_meta_disable_footer":"","neve_meta_disable_title":"","_themeisle_gutenberg_block_has_review":false,"footnotes":""},"categories":[18,283],"tags":[55,42,200,297],"class_list":["post-5133","post","type-post","status-publish","format-standard","hentry","category-basketball","category-jugend","tag-landesliga","tag-niederlage","tag-tsv-berghausen","tag-u18-weiblich"],"yoast_head":"<!-- This site is optimized with the Yoast SEO plugin v27.5 - https:\/\/yoast.com\/product\/yoast-seo-wordpress\/ -->\n<title>U18-M\u00e4dels gehen mit erhobenem Haupt aus Niederlage hervor - TSV Ettlingen<\/title>\n<meta name=\"description\" content=\"Die U18-M\u00e4dels des TSV Ettlingen mussten sich ausw\u00e4rts beim TSV Berghausen am Ende mit 50:43 geschlagen geben.\" \/>\n<meta name=\"robots\" content=\"index, follow, max-snippet:-1, max-image-preview:large, max-video-preview:-1\" \/>\n<link rel=\"canonical\" href=\"https:\/\/tsv-ettlingen.de\/tsv\/u18-maedels-gehen-mit-erhobenem-haupt-aus-niederlage-hervor\" \/>\n<meta property=\"og:locale\" content=\"de_DE\" \/>\n<meta property=\"og:type\" content=\"article\" \/>\n<meta property=\"og:title\" content=\"U18-M\u00e4dels gehen mit erhobenem Haupt aus Niederlage hervor - TSV Ettlingen\" \/>\n<meta property=\"og:description\" content=\"Die U18-M\u00e4dels des TSV Ettlingen mussten sich ausw\u00e4rts beim TSV Berghausen am Ende mit 50:43 geschlagen geben.\" \/>\n<meta property=\"og:url\" content=\"https:\/\/tsv-ettlingen.de\/tsv\/u18-maedels-gehen-mit-erhobenem-haupt-aus-niederlage-hervor\" \/>\n<meta property=\"og:site_name\" content=\"TSV Ettlingen\" \/>\n<meta property=\"article:published_time\" content=\"2026-01-20T09:28:59+00:00\" \/>\n<meta property=\"article:modified_time\" content=\"2026-01-28T09:32:50+00:00\" \/>\n<meta name=\"author\" content=\"Nina Skala\" \/>\n<meta name=\"twitter:card\" content=\"summary_large_image\" \/>\n<meta name=\"twitter:label1\" content=\"Verfasst von\" \/>\n\t<meta name=\"twitter:data1\" content=\"Nina Skala\" \/>\n\t<meta name=\"twitter:label2\" content=\"Gesch\u00e4tzte Lesezeit\" \/>\n\t<meta name=\"twitter:data2\" content=\"2\u00a0Minuten\" \/>\n<script type=\"application\/ld+json\" class=\"yoast-schema-graph\">{\"@context\":\"https:\\\/\\\/schema.org\",\"@graph\":[{\"@type\":\"Article\",\"@id\":\"https:\\\/\\\/tsv-ettlingen.de\\\/tsv\\\/u18-maedels-gehen-mit-erhobenem-haupt-aus-niederlage-hervor#article\",\"isPartOf\":{\"@id\":\"https:\\\/\\\/tsv-ettlingen.de\\\/tsv\\\/u18-maedels-gehen-mit-erhobenem-haupt-aus-niederlage-hervor\"},\"author\":{\"name\":\"Nina Skala\",\"@id\":\"https:\\\/\\\/tsv-ettlingen.de\\\/tsv\\\/#\\\/schema\\\/person\\\/4fe29ec5d992d5063165bd153dfa8f5a\"},\"headline\":\"U18-M\u00e4dels gehen mit erhobenem Haupt aus Niederlage hervor\",\"datePublished\":\"2026-01-20T09:28:59+00:00\",\"dateModified\":\"2026-01-28T09:32:50+00:00\",\"mainEntityOfPage\":{\"@id\":\"https:\\\/\\\/tsv-ettlingen.de\\\/tsv\\\/u18-maedels-gehen-mit-erhobenem-haupt-aus-niederlage-hervor\"},\"wordCount\":325,\"commentCount\":0,\"publisher\":{\"@id\":\"https:\\\/\\\/tsv-ettlingen.de\\\/tsv\\\/#organization\"},\"keywords\":[\"Landesliga\",\"Niederlage\",\"TSV Berghausen\",\"U18 weiblich\"],\"articleSection\":[\"Basketball\",\"Jugend\"],\"inLanguage\":\"de\",\"potentialAction\":[{\"@type\":\"CommentAction\",\"name\":\"Comment\",\"target\":[\"https:\\\/\\\/tsv-ettlingen.de\\\/tsv\\\/u18-maedels-gehen-mit-erhobenem-haupt-aus-niederlage-hervor#respond\"]}]},{\"@type\":\"WebPage\",\"@id\":\"https:\\\/\\\/tsv-ettlingen.de\\\/tsv\\\/u18-maedels-gehen-mit-erhobenem-haupt-aus-niederlage-hervor\",\"url\":\"https:\\\/\\\/tsv-ettlingen.de\\\/tsv\\\/u18-maedels-gehen-mit-erhobenem-haupt-aus-niederlage-hervor\",\"name\":\"U18-M\u00e4dels gehen mit erhobenem Haupt aus Niederlage hervor - TSV Ettlingen\",\"isPartOf\":{\"@id\":\"https:\\\/\\\/tsv-ettlingen.de\\\/tsv\\\/#website\"},\"datePublished\":\"2026-01-20T09:28:59+00:00\",\"dateModified\":\"2026-01-28T09:32:50+00:00\",\"description\":\"Die U18-M\u00e4dels des TSV Ettlingen mussten sich ausw\u00e4rts beim TSV Berghausen am Ende mit 50:43 geschlagen geben.\",\"breadcrumb\":{\"@id\":\"https:\\\/\\\/tsv-ettlingen.de\\\/tsv\\\/u18-maedels-gehen-mit-erhobenem-haupt-aus-niederlage-hervor#breadcrumb\"},\"inLanguage\":\"de\",\"potentialAction\":[{\"@type\":\"ReadAction\",\"target\":[\"https:\\\/\\\/tsv-ettlingen.de\\\/tsv\\\/u18-maedels-gehen-mit-erhobenem-haupt-aus-niederlage-hervor\"]}]},{\"@type\":\"BreadcrumbList\",\"@id\":\"https:\\\/\\\/tsv-ettlingen.de\\\/tsv\\\/u18-maedels-gehen-mit-erhobenem-haupt-aus-niederlage-hervor#breadcrumb\",\"itemListElement\":[{\"@type\":\"ListItem\",\"position\":1,\"name\":\"Startseite\",\"item\":\"https:\\\/\\\/tsv-ettlingen.de\\\/tsv\\\/\"},{\"@type\":\"ListItem\",\"position\":2,\"name\":\"U18-M\u00e4dels gehen mit erhobenem Haupt aus Niederlage hervor\"}]},{\"@type\":\"WebSite\",\"@id\":\"https:\\\/\\\/tsv-ettlingen.de\\\/tsv\\\/#website\",\"url\":\"https:\\\/\\\/tsv-ettlingen.de\\\/tsv\\\/\",\"name\":\"TSV Ettlingen\",\"description\":\"Zusammenhalt leben!\",\"publisher\":{\"@id\":\"https:\\\/\\\/tsv-ettlingen.de\\\/tsv\\\/#organization\"},\"potentialAction\":[{\"@type\":\"SearchAction\",\"target\":{\"@type\":\"EntryPoint\",\"urlTemplate\":\"https:\\\/\\\/tsv-ettlingen.de\\\/tsv\\\/?s={search_term_string}\"},\"query-input\":{\"@type\":\"PropertyValueSpecification\",\"valueRequired\":true,\"valueName\":\"search_term_string\"}}],\"inLanguage\":\"de\"},{\"@type\":\"Organization\",\"@id\":\"https:\\\/\\\/tsv-ettlingen.de\\\/tsv\\\/#organization\",\"name\":\"TSV Ettlingen e.V.\",\"url\":\"https:\\\/\\\/tsv-ettlingen.de\\\/tsv\\\/\",\"logo\":{\"@type\":\"ImageObject\",\"inLanguage\":\"de\",\"@id\":\"https:\\\/\\\/tsv-ettlingen.de\\\/tsv\\\/#\\\/schema\\\/logo\\\/image\\\/\",\"url\":\"https:\\\/\\\/tsv-ettlingen.de\\\/tsv\\\/wp-content\\\/uploads\\\/2021\\\/05\\\/LOGO_Farbe.jpg\",\"contentUrl\":\"https:\\\/\\\/tsv-ettlingen.de\\\/tsv\\\/wp-content\\\/uploads\\\/2021\\\/05\\\/LOGO_Farbe.jpg\",\"width\":2008,\"height\":1181,\"caption\":\"TSV Ettlingen e.V.\"},\"image\":{\"@id\":\"https:\\\/\\\/tsv-ettlingen.de\\\/tsv\\\/#\\\/schema\\\/logo\\\/image\\\/\"},\"sameAs\":[\"https:\\\/\\\/www.instagram.com\\\/tsv_ettlingen\\\/\"]},{\"@type\":\"Person\",\"@id\":\"https:\\\/\\\/tsv-ettlingen.de\\\/tsv\\\/#\\\/schema\\\/person\\\/4fe29ec5d992d5063165bd153dfa8f5a\",\"name\":\"Nina Skala\",\"image\":{\"@type\":\"ImageObject\",\"inLanguage\":\"de\",\"@id\":\"https:\\\/\\\/secure.gravatar.com\\\/avatar\\\/213999610ce51a277c47ed9436e7468b593e7e2ccfccac0a98a78b3a688f3f60?s=96&d=mm&r=g\",\"url\":\"https:\\\/\\\/secure.gravatar.com\\\/avatar\\\/213999610ce51a277c47ed9436e7468b593e7e2ccfccac0a98a78b3a688f3f60?s=96&d=mm&r=g\",\"contentUrl\":\"https:\\\/\\\/secure.gravatar.com\\\/avatar\\\/213999610ce51a277c47ed9436e7468b593e7e2ccfccac0a98a78b3a688f3f60?s=96&d=mm&r=g\",\"caption\":\"Nina Skala\"},\"url\":\"https:\\\/\\\/tsv-ettlingen.de\\\/tsv\\\/author\\\/ninaskala\"}]}<\/script>\n<!-- \/ Yoast SEO plugin. -->","yoast_head_json":{"title":"U18-M\u00e4dels gehen mit erhobenem Haupt aus Niederlage hervor - TSV Ettlingen","description":"Die U18-M\u00e4dels des TSV Ettlingen mussten sich ausw\u00e4rts beim TSV Berghausen am Ende mit 50:43 geschlagen geben.","robots":{"index":"index","follow":"follow","max-snippet":"max-snippet:-1","max-image-preview":"max-image-preview:large","max-video-preview":"max-video-preview:-1"},"canonical":"https:\/\/tsv-ettlingen.de\/tsv\/u18-maedels-gehen-mit-erhobenem-haupt-aus-niederlage-hervor","og_locale":"de_DE","og_type":"article","og_title":"U18-M\u00e4dels gehen mit erhobenem Haupt aus Niederlage hervor - TSV Ettlingen","og_description":"Die U18-M\u00e4dels des TSV Ettlingen mussten sich ausw\u00e4rts beim TSV Berghausen am Ende mit 50:43 geschlagen geben.","og_url":"https:\/\/tsv-ettlingen.de\/tsv\/u18-maedels-gehen-mit-erhobenem-haupt-aus-niederlage-hervor","og_site_name":"TSV Ettlingen","article_published_time":"2026-01-20T09:28:59+00:00","article_modified_time":"2026-01-28T09:32:50+00:00","author":"Nina Skala","twitter_card":"summary_large_image","twitter_misc":{"Verfasst von":"Nina Skala","Gesch\u00e4tzte Lesezeit":"2\u00a0Minuten"},"schema":{"@context":"https:\/\/schema.org","@graph":[{"@type":"Article","@id":"https:\/\/tsv-ettlingen.de\/tsv\/u18-maedels-gehen-mit-erhobenem-haupt-aus-niederlage-hervor#article","isPartOf":{"@id":"https:\/\/tsv-ettlingen.de\/tsv\/u18-maedels-gehen-mit-erhobenem-haupt-aus-niederlage-hervor"},"author":{"name":"Nina Skala","@id":"https:\/\/tsv-ettlingen.de\/tsv\/#\/schema\/person\/4fe29ec5d992d5063165bd153dfa8f5a"},"headline":"U18-M\u00e4dels gehen mit erhobenem Haupt aus Niederlage hervor","datePublished":"2026-01-20T09:28:59+00:00","dateModified":"2026-01-28T09:32:50+00:00","mainEntityOfPage":{"@id":"https:\/\/tsv-ettlingen.de\/tsv\/u18-maedels-gehen-mit-erhobenem-haupt-aus-niederlage-hervor"},"wordCount":325,"commentCount":0,"publisher":{"@id":"https:\/\/tsv-ettlingen.de\/tsv\/#organization"},"keywords":["Landesliga","Niederlage","TSV Berghausen","U18 weiblich"],"articleSection":["Basketball","Jugend"],"inLanguage":"de","potentialAction":[{"@type":"CommentAction","name":"Comment","target":["https:\/\/tsv-ettlingen.de\/tsv\/u18-maedels-gehen-mit-erhobenem-haupt-aus-niederlage-hervor#respond"]}]},{"@type":"WebPage","@id":"https:\/\/tsv-ettlingen.de\/tsv\/u18-maedels-gehen-mit-erhobenem-haupt-aus-niederlage-hervor","url":"https:\/\/tsv-ettlingen.de\/tsv\/u18-maedels-gehen-mit-erhobenem-haupt-aus-niederlage-hervor","name":"U18-M\u00e4dels gehen mit erhobenem Haupt aus Niederlage hervor - TSV Ettlingen","isPartOf":{"@id":"https:\/\/tsv-ettlingen.de\/tsv\/#website"},"datePublished":"2026-01-20T09:28:59+00:00","dateModified":"2026-01-28T09:32:50+00:00","description":"Die U18-M\u00e4dels des TSV Ettlingen mussten sich ausw\u00e4rts beim TSV Berghausen am Ende mit 50:43 geschlagen geben.","breadcrumb":{"@id":"https:\/\/tsv-ettlingen.de\/tsv\/u18-maedels-gehen-mit-erhobenem-haupt-aus-niederlage-hervor#breadcrumb"},"inLanguage":"de","potentialAction":[{"@type":"ReadAction","target":["https:\/\/tsv-ettlingen.de\/tsv\/u18-maedels-gehen-mit-erhobenem-haupt-aus-niederlage-hervor"]}]},{"@type":"BreadcrumbList","@id":"https:\/\/tsv-ettlingen.de\/tsv\/u18-maedels-gehen-mit-erhobenem-haupt-aus-niederlage-hervor#breadcrumb","itemListElement":[{"@type":"ListItem","position":1,"name":"Startseite","item":"https:\/\/tsv-ettlingen.de\/tsv\/"},{"@type":"ListItem","position":2,"name":"U18-M\u00e4dels gehen mit erhobenem Haupt aus Niederlage hervor"}]},{"@type":"WebSite","@id":"https:\/\/tsv-ettlingen.de\/tsv\/#website","url":"https:\/\/tsv-ettlingen.de\/tsv\/","name":"TSV Ettlingen","description":"Zusammenhalt leben!","publisher":{"@id":"https:\/\/tsv-ettlingen.de\/tsv\/#organization"},"potentialAction":[{"@type":"SearchAction","target":{"@type":"EntryPoint","urlTemplate":"https:\/\/tsv-ettlingen.de\/tsv\/?s={search_term_string}"},"query-input":{"@type":"PropertyValueSpecification","valueRequired":true,"valueName":"search_term_string"}}],"inLanguage":"de"},{"@type":"Organization","@id":"https:\/\/tsv-ettlingen.de\/tsv\/#organization","name":"TSV Ettlingen e.V.","url":"https:\/\/tsv-ettlingen.de\/tsv\/","logo":{"@type":"ImageObject","inLanguage":"de","@id":"https:\/\/tsv-ettlingen.de\/tsv\/#\/schema\/logo\/image\/","url":"https:\/\/tsv-ettlingen.de\/tsv\/wp-content\/uploads\/2021\/05\/LOGO_Farbe.jpg","contentUrl":"https:\/\/tsv-ettlingen.de\/tsv\/wp-content\/uploads\/2021\/05\/LOGO_Farbe.jpg","width":2008,"height":1181,"caption":"TSV Ettlingen e.V."},"image":{"@id":"https:\/\/tsv-ettlingen.de\/tsv\/#\/schema\/logo\/image\/"},"sameAs":["https:\/\/www.instagram.com\/tsv_ettlingen\/"]},{"@type":"Person","@id":"https:\/\/tsv-ettlingen.de\/tsv\/#\/schema\/person\/4fe29ec5d992d5063165bd153dfa8f5a","name":"Nina Skala","image":{"@type":"ImageObject","inLanguage":"de","@id":"https:\/\/secure.gravatar.com\/avatar\/213999610ce51a277c47ed9436e7468b593e7e2ccfccac0a98a78b3a688f3f60?s=96&d=mm&r=g","url":"https:\/\/secure.gravatar.com\/avatar\/213999610ce51a277c47ed9436e7468b593e7e2ccfccac0a98a78b3a688f3f60?s=96&d=mm&r=g","contentUrl":"https:\/\/secure.gravatar.com\/avatar\/213999610ce51a277c47ed9436e7468b593e7e2ccfccac0a98a78b3a688f3f60?s=96&d=mm&r=g","caption":"Nina Skala"},"url":"https:\/\/tsv-ettlingen.de\/tsv\/author\/ninaskala"}]}},"_links":{"self":[{"href":"https:\/\/tsv-ettlingen.de\/tsv\/wp-json\/wp\/v2\/posts\/5133","targetHints":{"allow":["GET"]}}],"collection":[{"href":"https:\/\/tsv-ettlingen.de\/tsv\/wp-json\/wp\/v2\/posts"}],"about":[{"href":"https:\/\/tsv-ettlingen.de\/tsv\/wp-json\/wp\/v2\/types\/post"}],"author":[{"embeddable":true,"href":"https:\/\/tsv-ettlingen.de\/tsv\/wp-json\/wp\/v2\/users\/9"}],"replies":[{"embeddable":true,"href":"https:\/\/tsv-ettlingen.de\/tsv\/wp-json\/wp\/v2\/comments?post=5133"}],"version-history":[{"count":1,"href":"https:\/\/tsv-ettlingen.de\/tsv\/wp-json\/wp\/v2\/posts\/5133\/revisions"}],"predecessor-version":[{"id":5134,"href":"https:\/\/tsv-ettlingen.de\/tsv\/wp-json\/wp\/v2\/posts\/5133\/revisions\/5134"}],"wp:attachment":[{"href":"https:\/\/tsv-ettlingen.de\/tsv\/wp-json\/wp\/v2\/media?parent=5133"}],"wp:term":[{"taxonomy":"category","embeddable":true,"href":"https:\/\/tsv-ettlingen.de\/tsv\/wp-json\/wp\/v2\/categories?post=5133"},{"taxonomy":"post_tag","embeddable":true,"href":"https:\/\/tsv-ettlingen.de\/tsv\/wp-json\/wp\/v2\/tags?post=5133"}],"curies":[{"name":"wp","href":"https:\/\/api.w.org\/{rel}","templated":true}]}}