{"id":5447,"date":"2026-08-27T07:36:00","date_gmt":"2026-08-27T05:36:00","guid":{"rendered":"https:\/\/tsv-ettlingen.de\/tsv\/?p=5447"},"modified":"2026-09-01T07:39:43","modified_gmt":"2026-09-01T05:39:43","slug":"sky-frank-blickt-auf-sein-fsj-zurueck","status":"publish","type":"post","link":"https:\/\/tsv-ettlingen.de\/tsv\/sky-frank-blickt-auf-sein-fsj-zurueck","title":{"rendered":"Sky Frank blickt auf sein FSJ zur\u00fcck"},"content":{"rendered":"\n<p class=\"wp-block-paragraph\">Ein Jahr voller neuer Erfahrungen, Begegnungen und Aufgaben geht zu Ende: Sky Frank beendet zum 31. August sein Freiwilliges Soziales Jahr (FSJ) beim TSV Ettlingen. Zum Abschluss haben wir mit ihm \u00fcber sein Jahr im Verein und seine Pl\u00e4ne f\u00fcr die Zukunft gesprochen.<\/p>\n\n\n\n<p class=\"wp-block-paragraph\"><strong>Sky, wie war dein FSJ?<\/strong><\/p>\n\n\n\n<p class=\"wp-block-paragraph\">Das FSJ war f\u00fcr mich ein sehr sch\u00f6nes Jahr, das ich mit vielen positiven Erinnerungen verbinden werde. Es hat mich sehr gefreut, dass ich mein FSJ beim TSV Ettlingen absolvieren durfte.<\/p>\n\n\n\n<p class=\"wp-block-paragraph\"><strong>Was nimmst du aus dieser Zeit f\u00fcr deine Zukunft mit?<\/strong><\/p>\n\n\n\n<p class=\"wp-block-paragraph\">Ich nehme vor allem mit, dass sich eine gute Kommunikation und ein guter Umgang mit allen Menschen immer auszahlen. Au\u00dferdem habe ich gelernt, dass ein Verein viel mehr ist als nur Training und Spieltag. Hinter dem Vereinsleben steckt viel mehr \u2013 und genau diese Erfahrungen nehme ich f\u00fcr meine Zukunft mit.<\/p>\n\n\n\n<p class=\"wp-block-paragraph\"><strong>Worauf freust du dich jetzt besonders?<\/strong><\/p>\n\n\n\n<p class=\"wp-block-paragraph\">Ich freue mich auf meine Ausbildung und darauf, dass nun ein neuer Lebensabschnitt beginnt.<\/p>\n\n\n\n<p class=\"wp-block-paragraph\"><strong>Wie geht es nach dem FSJ f\u00fcr dich weiter?<\/strong><\/p>\n\n\n\n<p class=\"wp-block-paragraph\">Direkt im Anschluss an mein FSJ starte ich am 1. September meine Ausbildung bei der BGV zum Kaufmann f\u00fcr Versicherungen und Finanzanlagen. Ich bin gespannt auf die neuen Aufgaben und darauf, was mich in diesem neuen Abschnitt erwartet.<\/p>\n\n\n\n<p class=\"wp-block-paragraph\"><strong>Bleibst du dem TSV Ettlingen trotzdem erhalten?<\/strong><\/p>\n\n\n\n<p class=\"wp-block-paragraph\">Ja, auf jeden Fall! Ich bleibe dem TSV als Basketball-Jugendtrainer erhalten. Die Aufgabe macht mir sehr viel Spa\u00df und deshalb freue ich mich, auch weiterhin ein Teil des Vereins zu sein.<\/p>\n\n\n\n<p class=\"wp-block-paragraph\"><strong>Was w\u00fcrdest du der n\u00e4chsten FSJlerin mit auf den Weg geben?<\/strong><\/p>\n\n\n\n<p class=\"wp-block-paragraph\">Ich w\u00fcrde sagen: Gib allem eine Chance und lass dich auch auf ungewohnte Bereiche ein. Gerade wenn etwas zun\u00e4chst neu oder ungewohnt ist, kann es sich lohnen, offen darauf zuzugehen. Man kann dabei viele neue Erfahrungen sammeln.<\/p>\n\n\n\n<p class=\"wp-block-paragraph\"><strong>Sky, vielen Dank f\u00fcr deinen Einsatz beim TSV! Wir w\u00fcnschen dir f\u00fcr deine Ausbildung und deinen neuen Lebensabschnitt alles Gute und viel Erfolg. Sch\u00f6n, dass du uns als Jugendtrainer erhalten bleibst!<\/strong><\/p>\n","protected":false},"excerpt":{"rendered":"<p>Ein Jahr voller neuer Erfahrungen, Begegnungen und Aufgaben geht zu Ende: Sky Frank beendet zum 31. August sein Freiwilliges Soziales Jahr (FSJ) beim TSV Ettlingen. Zum Abschluss haben wir mit ihm \u00fcber sein Jahr im Verein und seine Pl\u00e4ne f\u00fcr die Zukunft gesprochen. Sky, wie war dein FSJ? Das FSJ war f\u00fcr mich ein sehr&hellip;&nbsp;<a href=\"https:\/\/tsv-ettlingen.de\/tsv\/sky-frank-blickt-auf-sein-fsj-zurueck\" rel=\"bookmark\">Weiterlesen &raquo;<span class=\"screen-reader-text\">Sky Frank blickt auf sein FSJ zur\u00fcck<\/span><\/a><\/p>\n","protected":false},"author":9,"featured_media":5448,"comment_status":"open","ping_status":"open","sticky":false,"template":"","format":"standard","meta":{"neve_meta_sidebar":"","neve_meta_container":"","neve_meta_enable_content_width":"","neve_meta_content_width":0,"neve_meta_title_alignment":"","neve_meta_author_avatar":"","neve_post_elements_order":"","neve_meta_disable_header":"","neve_meta_disable_footer":"","neve_meta_disable_title":"","_themeisle_gutenberg_block_has_review":false,"footnotes":""},"categories":[1,283],"tags":[493,20,19,420,494],"class_list":["post-5447","post","type-post","status-publish","format-standard","has-post-thumbnail","hentry","category-allgemein","category-jugend","tag-erfahrungen","tag-freiwilliges-soziales-jahr","tag-fsj","tag-sky-frank","tag-zukunft"],"yoast_head":"<!-- This site is optimized with the Yoast SEO plugin v28.4 - https:\/\/yoast.com\/product\/yoast-seo-wordpress\/ -->\n<title>Sky Frank blickt auf sein FSJ zur\u00fcck - TSV Ettlingen<\/title>\n<meta name=\"description\" content=\"Sky Frank beendet zum 31. August sein Freiwilliges Soziales Jahr (FSJ) beim TSV Ettlingen. Wir blicken gemeinsam zur\u00fcck und in die Zukunft.\" \/>\n<meta name=\"robots\" content=\"index, follow, max-snippet:-1, max-image-preview:large, max-video-preview:-1\" \/>\n<link rel=\"canonical\" href=\"https:\/\/tsv-ettlingen.de\/tsv\/sky-frank-blickt-auf-sein-fsj-zurueck\" \/>\n<meta property=\"og:locale\" content=\"de_DE\" \/>\n<meta property=\"og:type\" content=\"article\" \/>\n<meta property=\"og:title\" content=\"Sky Frank blickt auf sein FSJ zur\u00fcck - TSV Ettlingen\" \/>\n<meta property=\"og:description\" content=\"Sky Frank beendet zum 31. August sein Freiwilliges Soziales Jahr (FSJ) beim TSV Ettlingen. Wir blicken gemeinsam zur\u00fcck und in die Zukunft.\" \/>\n<meta property=\"og:url\" content=\"https:\/\/tsv-ettlingen.de\/tsv\/sky-frank-blickt-auf-sein-fsj-zurueck\" \/>\n<meta property=\"og:site_name\" content=\"TSV Ettlingen\" \/>\n<meta property=\"article:published_time\" content=\"2026-08-27T05:36:00+00:00\" \/>\n<meta property=\"article:modified_time\" content=\"2026-09-01T05:39:43+00:00\" \/>\n<meta property=\"og:image\" content=\"http:\/\/tsv-ettlingen.de\/tsv\/wp-content\/uploads\/2026\/09\/Sky_Sommerfest_Specht.jpg\" \/>\n\t<meta property=\"og:image:width\" content=\"677\" \/>\n\t<meta property=\"og:image:height\" content=\"508\" \/>\n\t<meta property=\"og:image:type\" content=\"image\/jpeg\" \/>\n<meta name=\"author\" content=\"Nina Skala\" \/>\n<meta name=\"twitter:card\" content=\"summary_large_image\" \/>\n<meta name=\"twitter:label1\" content=\"Verfasst von\" \/>\n\t<meta name=\"twitter:data1\" content=\"Nina Skala\" \/>\n\t<meta name=\"twitter:label2\" content=\"Gesch\u00e4tzte Lesezeit\" \/>\n\t<meta name=\"twitter:data2\" content=\"3\u00a0Minuten\" \/>\n<script type=\"application\/ld+json\" class=\"yoast-schema-graph\">{\"@context\":\"https:\\\/\\\/schema.org\",\"@graph\":[{\"@type\":\"Article\",\"@id\":\"https:\\\/\\\/tsv-ettlingen.de\\\/tsv\\\/sky-frank-blickt-auf-sein-fsj-zurueck#article\",\"isPartOf\":{\"@id\":\"https:\\\/\\\/tsv-ettlingen.de\\\/tsv\\\/sky-frank-blickt-auf-sein-fsj-zurueck\"},\"author\":{\"name\":\"Nina Skala\",\"@id\":\"https:\\\/\\\/tsv-ettlingen.de\\\/tsv\\\/#\\\/schema\\\/person\\\/4fe29ec5d992d5063165bd153dfa8f5a\"},\"headline\":\"Sky Frank blickt auf sein FSJ zur\u00fcck\",\"datePublished\":\"2026-08-27T05:36:00+00:00\",\"dateModified\":\"2026-09-01T05:39:43+00:00\",\"mainEntityOfPage\":{\"@id\":\"https:\\\/\\\/tsv-ettlingen.de\\\/tsv\\\/sky-frank-blickt-auf-sein-fsj-zurueck\"},\"wordCount\":346,\"commentCount\":0,\"publisher\":{\"@id\":\"https:\\\/\\\/tsv-ettlingen.de\\\/tsv\\\/#organization\"},\"image\":{\"@id\":\"https:\\\/\\\/tsv-ettlingen.de\\\/tsv\\\/sky-frank-blickt-auf-sein-fsj-zurueck#primaryimage\"},\"thumbnailUrl\":\"https:\\\/\\\/tsv-ettlingen.de\\\/tsv\\\/wp-content\\\/uploads\\\/2026\\\/09\\\/Sky_Sommerfest_Specht.jpg\",\"keywords\":[\"Erfahrungen\",\"Freiwilliges Soziales Jahr\",\"FSJ\",\"Sky Frank\",\"Zukunft\"],\"articleSection\":{\"1\":\"Jugend\"},\"inLanguage\":\"de\",\"potentialAction\":[{\"@type\":\"CommentAction\",\"name\":\"Comment\",\"target\":[\"https:\\\/\\\/tsv-ettlingen.de\\\/tsv\\\/sky-frank-blickt-auf-sein-fsj-zurueck#respond\"]}]},{\"@type\":\"WebPage\",\"@id\":\"https:\\\/\\\/tsv-ettlingen.de\\\/tsv\\\/sky-frank-blickt-auf-sein-fsj-zurueck\",\"url\":\"https:\\\/\\\/tsv-ettlingen.de\\\/tsv\\\/sky-frank-blickt-auf-sein-fsj-zurueck\",\"name\":\"Sky Frank blickt auf sein FSJ zur\u00fcck - TSV Ettlingen\",\"isPartOf\":{\"@id\":\"https:\\\/\\\/tsv-ettlingen.de\\\/tsv\\\/#website\"},\"primaryImageOfPage\":{\"@id\":\"https:\\\/\\\/tsv-ettlingen.de\\\/tsv\\\/sky-frank-blickt-auf-sein-fsj-zurueck#primaryimage\"},\"image\":{\"@id\":\"https:\\\/\\\/tsv-ettlingen.de\\\/tsv\\\/sky-frank-blickt-auf-sein-fsj-zurueck#primaryimage\"},\"thumbnailUrl\":\"https:\\\/\\\/tsv-ettlingen.de\\\/tsv\\\/wp-content\\\/uploads\\\/2026\\\/09\\\/Sky_Sommerfest_Specht.jpg\",\"datePublished\":\"2026-08-27T05:36:00+00:00\",\"dateModified\":\"2026-09-01T05:39:43+00:00\",\"description\":\"Sky Frank beendet zum 31. August sein Freiwilliges Soziales Jahr (FSJ) beim TSV Ettlingen. Wir blicken gemeinsam zur\u00fcck und in die Zukunft.\",\"breadcrumb\":{\"@id\":\"https:\\\/\\\/tsv-ettlingen.de\\\/tsv\\\/sky-frank-blickt-auf-sein-fsj-zurueck#breadcrumb\"},\"inLanguage\":\"de\",\"potentialAction\":[{\"@type\":\"ReadAction\",\"target\":[\"https:\\\/\\\/tsv-ettlingen.de\\\/tsv\\\/sky-frank-blickt-auf-sein-fsj-zurueck\"]}]},{\"@type\":\"ImageObject\",\"inLanguage\":\"de\",\"@id\":\"https:\\\/\\\/tsv-ettlingen.de\\\/tsv\\\/sky-frank-blickt-auf-sein-fsj-zurueck#primaryimage\",\"url\":\"https:\\\/\\\/tsv-ettlingen.de\\\/tsv\\\/wp-content\\\/uploads\\\/2026\\\/09\\\/Sky_Sommerfest_Specht.jpg\",\"contentUrl\":\"https:\\\/\\\/tsv-ettlingen.de\\\/tsv\\\/wp-content\\\/uploads\\\/2026\\\/09\\\/Sky_Sommerfest_Specht.jpg\",\"width\":677,\"height\":508},{\"@type\":\"BreadcrumbList\",\"@id\":\"https:\\\/\\\/tsv-ettlingen.de\\\/tsv\\\/sky-frank-blickt-auf-sein-fsj-zurueck#breadcrumb\",\"itemListElement\":[{\"@type\":\"ListItem\",\"position\":1,\"name\":\"Startseite\",\"item\":\"https:\\\/\\\/tsv-ettlingen.de\\\/tsv\\\/\"},{\"@type\":\"ListItem\",\"position\":2,\"name\":\"Sky Frank blickt auf sein FSJ zur\u00fcck\"}]},{\"@type\":\"WebSite\",\"@id\":\"https:\\\/\\\/tsv-ettlingen.de\\\/tsv\\\/#website\",\"url\":\"https:\\\/\\\/tsv-ettlingen.de\\\/tsv\\\/\",\"name\":\"TSV Ettlingen\",\"description\":\"Zusammenhalt leben!\",\"publisher\":{\"@id\":\"https:\\\/\\\/tsv-ettlingen.de\\\/tsv\\\/#organization\"},\"potentialAction\":[{\"@type\":\"SearchAction\",\"target\":{\"@type\":\"EntryPoint\",\"urlTemplate\":\"https:\\\/\\\/tsv-ettlingen.de\\\/tsv\\\/?s={search_term_string}\"},\"query-input\":{\"@type\":\"PropertyValueSpecification\",\"valueRequired\":true,\"valueName\":\"search_term_string\"}}],\"inLanguage\":\"de\"},{\"@type\":\"Organization\",\"@id\":\"https:\\\/\\\/tsv-ettlingen.de\\\/tsv\\\/#organization\",\"name\":\"TSV Ettlingen e.V.\",\"url\":\"https:\\\/\\\/tsv-ettlingen.de\\\/tsv\\\/\",\"logo\":{\"@type\":\"ImageObject\",\"inLanguage\":\"de\",\"@id\":\"https:\\\/\\\/tsv-ettlingen.de\\\/tsv\\\/#\\\/schema\\\/logo\\\/image\\\/\",\"url\":\"https:\\\/\\\/tsv-ettlingen.de\\\/tsv\\\/wp-content\\\/uploads\\\/2021\\\/05\\\/LOGO_Farbe.jpg\",\"contentUrl\":\"https:\\\/\\\/tsv-ettlingen.de\\\/tsv\\\/wp-content\\\/uploads\\\/2021\\\/05\\\/LOGO_Farbe.jpg\",\"width\":2008,\"height\":1181,\"caption\":\"TSV Ettlingen e.V.\"},\"image\":{\"@id\":\"https:\\\/\\\/tsv-ettlingen.de\\\/tsv\\\/#\\\/schema\\\/logo\\\/image\\\/\"},\"sameAs\":[\"https:\\\/\\\/www.instagram.com\\\/tsv_ettlingen\\\/\"]},{\"@type\":\"Person\",\"@id\":\"https:\\\/\\\/tsv-ettlingen.de\\\/tsv\\\/#\\\/schema\\\/person\\\/4fe29ec5d992d5063165bd153dfa8f5a\",\"name\":\"Nina Skala\",\"image\":{\"@type\":\"ImageObject\",\"inLanguage\":\"de\",\"@id\":\"https:\\\/\\\/secure.gravatar.com\\\/avatar\\\/213999610ce51a277c47ed9436e7468b593e7e2ccfccac0a98a78b3a688f3f60?s=96&d=mm&r=g\",\"url\":\"https:\\\/\\\/secure.gravatar.com\\\/avatar\\\/213999610ce51a277c47ed9436e7468b593e7e2ccfccac0a98a78b3a688f3f60?s=96&d=mm&r=g\",\"contentUrl\":\"https:\\\/\\\/secure.gravatar.com\\\/avatar\\\/213999610ce51a277c47ed9436e7468b593e7e2ccfccac0a98a78b3a688f3f60?s=96&d=mm&r=g\",\"caption\":\"Nina Skala\"},\"url\":\"https:\\\/\\\/tsv-ettlingen.de\\\/tsv\\\/author\\\/ninaskala\"}]}<\/script>\n<!-- \/ Yoast SEO plugin. -->","yoast_head_json":{"title":"Sky Frank blickt auf sein FSJ zur\u00fcck - TSV Ettlingen","description":"Sky Frank beendet zum 31. August sein Freiwilliges Soziales Jahr (FSJ) beim TSV Ettlingen. Wir blicken gemeinsam zur\u00fcck und in die Zukunft.","robots":{"index":"index","follow":"follow","max-snippet":"max-snippet:-1","max-image-preview":"max-image-preview:large","max-video-preview":"max-video-preview:-1"},"canonical":"https:\/\/tsv-ettlingen.de\/tsv\/sky-frank-blickt-auf-sein-fsj-zurueck","og_locale":"de_DE","og_type":"article","og_title":"Sky Frank blickt auf sein FSJ zur\u00fcck - TSV Ettlingen","og_description":"Sky Frank beendet zum 31. August sein Freiwilliges Soziales Jahr (FSJ) beim TSV Ettlingen. Wir blicken gemeinsam zur\u00fcck und in die Zukunft.","og_url":"https:\/\/tsv-ettlingen.de\/tsv\/sky-frank-blickt-auf-sein-fsj-zurueck","og_site_name":"TSV Ettlingen","article_published_time":"2026-08-27T05:36:00+00:00","article_modified_time":"2026-09-01T05:39:43+00:00","og_image":[{"width":677,"height":508,"url":"http:\/\/tsv-ettlingen.de\/tsv\/wp-content\/uploads\/2026\/09\/Sky_Sommerfest_Specht.jpg","type":"image\/jpeg"}],"author":"Nina Skala","twitter_card":"summary_large_image","twitter_misc":{"Verfasst von":"Nina Skala","Gesch\u00e4tzte Lesezeit":"3\u00a0Minuten"},"schema":{"@context":"https:\/\/schema.org","@graph":[{"@type":"Article","@id":"https:\/\/tsv-ettlingen.de\/tsv\/sky-frank-blickt-auf-sein-fsj-zurueck#article","isPartOf":{"@id":"https:\/\/tsv-ettlingen.de\/tsv\/sky-frank-blickt-auf-sein-fsj-zurueck"},"author":{"name":"Nina Skala","@id":"https:\/\/tsv-ettlingen.de\/tsv\/#\/schema\/person\/4fe29ec5d992d5063165bd153dfa8f5a"},"headline":"Sky Frank blickt auf sein FSJ zur\u00fcck","datePublished":"2026-08-27T05:36:00+00:00","dateModified":"2026-09-01T05:39:43+00:00","mainEntityOfPage":{"@id":"https:\/\/tsv-ettlingen.de\/tsv\/sky-frank-blickt-auf-sein-fsj-zurueck"},"wordCount":346,"commentCount":0,"publisher":{"@id":"https:\/\/tsv-ettlingen.de\/tsv\/#organization"},"image":{"@id":"https:\/\/tsv-ettlingen.de\/tsv\/sky-frank-blickt-auf-sein-fsj-zurueck#primaryimage"},"thumbnailUrl":"https:\/\/tsv-ettlingen.de\/tsv\/wp-content\/uploads\/2026\/09\/Sky_Sommerfest_Specht.jpg","keywords":["Erfahrungen","Freiwilliges Soziales Jahr","FSJ","Sky Frank","Zukunft"],"articleSection":{"1":"Jugend"},"inLanguage":"de","potentialAction":[{"@type":"CommentAction","name":"Comment","target":["https:\/\/tsv-ettlingen.de\/tsv\/sky-frank-blickt-auf-sein-fsj-zurueck#respond"]}]},{"@type":"WebPage","@id":"https:\/\/tsv-ettlingen.de\/tsv\/sky-frank-blickt-auf-sein-fsj-zurueck","url":"https:\/\/tsv-ettlingen.de\/tsv\/sky-frank-blickt-auf-sein-fsj-zurueck","name":"Sky Frank blickt auf sein FSJ zur\u00fcck - TSV Ettlingen","isPartOf":{"@id":"https:\/\/tsv-ettlingen.de\/tsv\/#website"},"primaryImageOfPage":{"@id":"https:\/\/tsv-ettlingen.de\/tsv\/sky-frank-blickt-auf-sein-fsj-zurueck#primaryimage"},"image":{"@id":"https:\/\/tsv-ettlingen.de\/tsv\/sky-frank-blickt-auf-sein-fsj-zurueck#primaryimage"},"thumbnailUrl":"https:\/\/tsv-ettlingen.de\/tsv\/wp-content\/uploads\/2026\/09\/Sky_Sommerfest_Specht.jpg","datePublished":"2026-08-27T05:36:00+00:00","dateModified":"2026-09-01T05:39:43+00:00","description":"Sky Frank beendet zum 31. August sein Freiwilliges Soziales Jahr (FSJ) beim TSV Ettlingen. Wir blicken gemeinsam zur\u00fcck und in die Zukunft.","breadcrumb":{"@id":"https:\/\/tsv-ettlingen.de\/tsv\/sky-frank-blickt-auf-sein-fsj-zurueck#breadcrumb"},"inLanguage":"de","potentialAction":[{"@type":"ReadAction","target":["https:\/\/tsv-ettlingen.de\/tsv\/sky-frank-blickt-auf-sein-fsj-zurueck"]}]},{"@type":"ImageObject","inLanguage":"de","@id":"https:\/\/tsv-ettlingen.de\/tsv\/sky-frank-blickt-auf-sein-fsj-zurueck#primaryimage","url":"https:\/\/tsv-ettlingen.de\/tsv\/wp-content\/uploads\/2026\/09\/Sky_Sommerfest_Specht.jpg","contentUrl":"https:\/\/tsv-ettlingen.de\/tsv\/wp-content\/uploads\/2026\/09\/Sky_Sommerfest_Specht.jpg","width":677,"height":508},{"@type":"BreadcrumbList","@id":"https:\/\/tsv-ettlingen.de\/tsv\/sky-frank-blickt-auf-sein-fsj-zurueck#breadcrumb","itemListElement":[{"@type":"ListItem","position":1,"name":"Startseite","item":"https:\/\/tsv-ettlingen.de\/tsv\/"},{"@type":"ListItem","position":2,"name":"Sky Frank blickt auf sein FSJ zur\u00fcck"}]},{"@type":"WebSite","@id":"https:\/\/tsv-ettlingen.de\/tsv\/#website","url":"https:\/\/tsv-ettlingen.de\/tsv\/","name":"TSV Ettlingen","description":"Zusammenhalt leben!","publisher":{"@id":"https:\/\/tsv-ettlingen.de\/tsv\/#organization"},"potentialAction":[{"@type":"SearchAction","target":{"@type":"EntryPoint","urlTemplate":"https:\/\/tsv-ettlingen.de\/tsv\/?s={search_term_string}"},"query-input":{"@type":"PropertyValueSpecification","valueRequired":true,"valueName":"search_term_string"}}],"inLanguage":"de"},{"@type":"Organization","@id":"https:\/\/tsv-ettlingen.de\/tsv\/#organization","name":"TSV Ettlingen e.V.","url":"https:\/\/tsv-ettlingen.de\/tsv\/","logo":{"@type":"ImageObject","inLanguage":"de","@id":"https:\/\/tsv-ettlingen.de\/tsv\/#\/schema\/logo\/image\/","url":"https:\/\/tsv-ettlingen.de\/tsv\/wp-content\/uploads\/2021\/05\/LOGO_Farbe.jpg","contentUrl":"https:\/\/tsv-ettlingen.de\/tsv\/wp-content\/uploads\/2021\/05\/LOGO_Farbe.jpg","width":2008,"height":1181,"caption":"TSV Ettlingen e.V."},"image":{"@id":"https:\/\/tsv-ettlingen.de\/tsv\/#\/schema\/logo\/image\/"},"sameAs":["https:\/\/www.instagram.com\/tsv_ettlingen\/"]},{"@type":"Person","@id":"https:\/\/tsv-ettlingen.de\/tsv\/#\/schema\/person\/4fe29ec5d992d5063165bd153dfa8f5a","name":"Nina Skala","image":{"@type":"ImageObject","inLanguage":"de","@id":"https:\/\/secure.gravatar.com\/avatar\/213999610ce51a277c47ed9436e7468b593e7e2ccfccac0a98a78b3a688f3f60?s=96&d=mm&r=g","url":"https:\/\/secure.gravatar.com\/avatar\/213999610ce51a277c47ed9436e7468b593e7e2ccfccac0a98a78b3a688f3f60?s=96&d=mm&r=g","contentUrl":"https:\/\/secure.gravatar.com\/avatar\/213999610ce51a277c47ed9436e7468b593e7e2ccfccac0a98a78b3a688f3f60?s=96&d=mm&r=g","caption":"Nina Skala"},"url":"https:\/\/tsv-ettlingen.de\/tsv\/author\/ninaskala"}]}},"_links":{"self":[{"href":"https:\/\/tsv-ettlingen.de\/tsv\/wp-json\/wp\/v2\/posts\/5447","targetHints":{"allow":["GET"]}}],"collection":[{"href":"https:\/\/tsv-ettlingen.de\/tsv\/wp-json\/wp\/v2\/posts"}],"about":[{"href":"https:\/\/tsv-ettlingen.de\/tsv\/wp-json\/wp\/v2\/types\/post"}],"author":[{"embeddable":true,"href":"https:\/\/tsv-ettlingen.de\/tsv\/wp-json\/wp\/v2\/users\/9"}],"replies":[{"embeddable":true,"href":"https:\/\/tsv-ettlingen.de\/tsv\/wp-json\/wp\/v2\/comments?post=5447"}],"version-history":[{"count":1,"href":"https:\/\/tsv-ettlingen.de\/tsv\/wp-json\/wp\/v2\/posts\/5447\/revisions"}],"predecessor-version":[{"id":5450,"href":"https:\/\/tsv-ettlingen.de\/tsv\/wp-json\/wp\/v2\/posts\/5447\/revisions\/5450"}],"wp:featuredmedia":[{"embeddable":true,"href":"https:\/\/tsv-ettlingen.de\/tsv\/wp-json\/wp\/v2\/media\/5448"}],"wp:attachment":[{"href":"https:\/\/tsv-ettlingen.de\/tsv\/wp-json\/wp\/v2\/media?parent=5447"}],"wp:term":[{"taxonomy":"category","embeddable":true,"href":"https:\/\/tsv-ettlingen.de\/tsv\/wp-json\/wp\/v2\/categories?post=5447"},{"taxonomy":"post_tag","embeddable":true,"href":"https:\/\/tsv-ettlingen.de\/tsv\/wp-json\/wp\/v2\/tags?post=5447"}],"curies":[{"name":"wp","href":"https:\/\/api.w.org\/{rel}","templated":true}]}}