{"id":5453,"date":"2026-09-01T07:53:51","date_gmt":"2026-09-01T05:53:51","guid":{"rendered":"https:\/\/tsv-ettlingen.de\/tsv\/?p=5453"},"modified":"2026-09-01T13:46:59","modified_gmt":"2026-09-01T11:46:59","slug":"erfolgreiches-marktfest-fuer-den-tsv-ettlingen","status":"publish","type":"post","link":"https:\/\/tsv-ettlingen.de\/tsv\/erfolgreiches-marktfest-fuer-den-tsv-ettlingen","title":{"rendered":"Erfolgreiches Marktfest f\u00fcr den TSV Ettlingen"},"content":{"rendered":"\n<p class=\"wp-block-paragraph\">Das Ettlinger Marktfest liegt hinter uns \u2013 und beim TSV Ettlingen f\u00e4llt das Fazit durchweg positiv aus. Bei bestem Festwetter konnten wir zahlreiche Besucherinnen und Besucher an unserem Stand begr\u00fc\u00dfen und gemeinsam ein sch\u00f6nes Marktfestwochenende erleben.<\/p>\n\n\n\n<p class=\"wp-block-paragraph\">Unsere heimelige Biergarten-Atmosph\u00e4re wurde von den G\u00e4sten sehr gut angenommen. Die Stimmung unter den Marktfestbesuchern war insgesamt durchweg hervorragend und sorgte auch am TSV-Stand f\u00fcr viele sch\u00f6ne Begegnungen, Gespr\u00e4che und gesellige Stunden.<\/p>\n\n\n\n<p class=\"wp-block-paragraph\">Auch wenn insgesamt ein leichter R\u00fcckgang der Besucherzahlen beim Marktfest zu erkennen war, ist der TSV Ettlingen mit dem diesj\u00e4hrigen Ergebnis zufrieden. Das Standkonzept, das \u00fcber die Jahre stetig weiterentwickelt und verbessert wurde, hat sich erneut bew\u00e4hrt.<\/p>\n\n\n\n<p class=\"wp-block-paragraph\">Ein besonderer Moment war in diesem Jahr die Verabschiedung unseres langj\u00e4hrigen Mitglieds Hans-J\u00fcrgen Gladitsch aus dem Organisationsteam. Hans-J\u00fcrgen hatte die Organisation des TSV-Marktfeststandes bereits 2012 gemeinsam mit Michaela und Ralph Jancke \u00fcbernommen und \u00fcber viele Jahre ma\u00dfgeblich mitgestaltet. Nun wurde die Verantwortung an die n\u00e4chste Generation weitergegeben. F\u00fcr sein langj\u00e4hriges Engagement und seinen gro\u00dfen Einsatz bedankt sich der TSV Ettlingen ganz herzlich.<\/p>\n\n\n\n<figure data-wp-context=\"{&quot;galleryId&quot;:&quot;6a97b154d6e75&quot;}\" data-wp-interactive=\"core\/gallery\" class=\"wp-block-gallery has-nested-images columns-default is-cropped wp-block-gallery-1 is-layout-flex wp-block-gallery-is-layout-flex\">\n<figure data-wp-context=\"{&quot;imageId&quot;:&quot;6a97b154d8559&quot;}\" data-wp-interactive=\"core\/image\" data-wp-key=\"6a97b154d8559\" class=\"wp-block-image size-large wp-lightbox-container\"><img loading=\"lazy\" decoding=\"async\" width=\"768\" height=\"1024\" data-wp-class--hide=\"state.isContentHidden\" data-wp-class--show=\"state.isContentVisible\" data-wp-init=\"callbacks.setButtonStyles\" data-wp-on--click=\"actions.showLightbox\" data-wp-on--load=\"callbacks.setButtonStyles\" data-wp-on--pointerdown=\"actions.preloadImage\" data-wp-on--pointerenter=\"actions.preloadImageWithDelay\" data-wp-on--pointerleave=\"actions.cancelPreload\" data-wp-on-window--resize=\"callbacks.setButtonStyles\" data-id=\"5458\" src=\"https:\/\/tsv-ettlingen.de\/tsv\/wp-content\/uploads\/2026\/09\/40-Jahre_960x1280px-768x1024-1.jpg\" alt=\"\" class=\"wp-image-5458\" srcset=\"https:\/\/tsv-ettlingen.de\/tsv\/wp-content\/uploads\/2026\/09\/40-Jahre_960x1280px-768x1024-1.jpg 768w, https:\/\/tsv-ettlingen.de\/tsv\/wp-content\/uploads\/2026\/09\/40-Jahre_960x1280px-225x300.jpg 225w, https:\/\/tsv-ettlingen.de\/tsv\/wp-content\/uploads\/2026\/09\/40-Jahre_960x1280px.jpg 960w\" sizes=\"auto, (max-width: 768px) 100vw, 768px\" \/><button\n\t\t\tclass=\"lightbox-trigger\"\n\t\t\ttype=\"button\"\n\t\t\taria-haspopup=\"dialog\"\n\t\t\tdata-wp-bind--aria-label=\"state.thisImage.triggerButtonAriaLabel\"\n\t\t\tdata-wp-init=\"callbacks.initTriggerButton\"\n\t\t\tdata-wp-on--click=\"actions.showLightbox\"\n\t\t\tdata-wp-style--right=\"state.thisImage.buttonRight\"\n\t\t\tdata-wp-style--top=\"state.thisImage.buttonTop\"\n\t\t>\n\t\t\t<svg xmlns=\"http:\/\/www.w3.org\/2000\/svg\" width=\"12\" height=\"12\" fill=\"none\" viewBox=\"0 0 12 12\">\n\t\t\t\t<path fill=\"#fff\" d=\"M2 0a2 2 0 0 0-2 2v2h1.5V2a.5.5 0 0 1 .5-.5h2V0H2Zm2 10.5H2a.5.5 0 0 1-.5-.5V8H0v2a2 2 0 0 0 2 2h2v-1.5ZM8 12v-1.5h2a.5.5 0 0 0 .5-.5V8H12v2a2 2 0 0 1-2 2H8Zm2-12a2 2 0 0 1 2 2v2h-1.5V2a.5.5 0 0 0-.5-.5H8V0h2Z\" \/>\n\t\t\t<\/svg>\n\t\t<\/button><\/figure>\n\n\n\n<figure data-wp-context=\"{&quot;imageId&quot;:&quot;6a97b154d8f23&quot;}\" data-wp-interactive=\"core\/image\" data-wp-key=\"6a97b154d8f23\" class=\"wp-block-image size-large wp-lightbox-container\"><img loading=\"lazy\" decoding=\"async\" width=\"1024\" height=\"768\" data-wp-class--hide=\"state.isContentHidden\" data-wp-class--show=\"state.isContentVisible\" data-wp-init=\"callbacks.setButtonStyles\" data-wp-on--click=\"actions.showLightbox\" data-wp-on--load=\"callbacks.setButtonStyles\" data-wp-on--pointerdown=\"actions.preloadImage\" data-wp-on--pointerenter=\"actions.preloadImageWithDelay\" data-wp-on--pointerleave=\"actions.cancelPreload\" data-wp-on-window--resize=\"callbacks.setButtonStyles\" data-id=\"5462\" src=\"https:\/\/tsv-ettlingen.de\/tsv\/wp-content\/uploads\/2026\/09\/Abschied_Hans-Juergen-Gladitsch_1280x960px-1-1024x768.jpg\" alt=\"\" class=\"wp-image-5462\" srcset=\"https:\/\/tsv-ettlingen.de\/tsv\/wp-content\/uploads\/2026\/09\/Abschied_Hans-Juergen-Gladitsch_1280x960px-1-1024x768.jpg 1024w, https:\/\/tsv-ettlingen.de\/tsv\/wp-content\/uploads\/2026\/09\/Abschied_Hans-Juergen-Gladitsch_1280x960px-1-300x225.jpg 300w, https:\/\/tsv-ettlingen.de\/tsv\/wp-content\/uploads\/2026\/09\/Abschied_Hans-Juergen-Gladitsch_1280x960px-1-768x576.jpg 768w, https:\/\/tsv-ettlingen.de\/tsv\/wp-content\/uploads\/2026\/09\/Abschied_Hans-Juergen-Gladitsch_1280x960px-1.jpg 1280w\" sizes=\"auto, (max-width: 1024px) 100vw, 1024px\" \/><button\n\t\t\tclass=\"lightbox-trigger\"\n\t\t\ttype=\"button\"\n\t\t\taria-haspopup=\"dialog\"\n\t\t\tdata-wp-bind--aria-label=\"state.thisImage.triggerButtonAriaLabel\"\n\t\t\tdata-wp-init=\"callbacks.initTriggerButton\"\n\t\t\tdata-wp-on--click=\"actions.showLightbox\"\n\t\t\tdata-wp-style--right=\"state.thisImage.buttonRight\"\n\t\t\tdata-wp-style--top=\"state.thisImage.buttonTop\"\n\t\t>\n\t\t\t<svg xmlns=\"http:\/\/www.w3.org\/2000\/svg\" width=\"12\" height=\"12\" fill=\"none\" viewBox=\"0 0 12 12\">\n\t\t\t\t<path fill=\"#fff\" d=\"M2 0a2 2 0 0 0-2 2v2h1.5V2a.5.5 0 0 1 .5-.5h2V0H2Zm2 10.5H2a.5.5 0 0 1-.5-.5V8H0v2a2 2 0 0 0 2 2h2v-1.5ZM8 12v-1.5h2a.5.5 0 0 0 .5-.5V8H12v2a2 2 0 0 1-2 2H8Zm2-12a2 2 0 0 1 2 2v2h-1.5V2a.5.5 0 0 0-.5-.5H8V0h2Z\" \/>\n\t\t\t<\/svg>\n\t\t<\/button><\/figure>\n\n\n\n<figure data-wp-context=\"{&quot;imageId&quot;:&quot;6a97b154d989b&quot;}\" data-wp-interactive=\"core\/image\" data-wp-key=\"6a97b154d989b\" class=\"wp-block-image size-large wp-lightbox-container\"><img loading=\"lazy\" decoding=\"async\" width=\"1024\" height=\"768\" data-wp-class--hide=\"state.isContentHidden\" data-wp-class--show=\"state.isContentVisible\" data-wp-init=\"callbacks.setButtonStyles\" data-wp-on--click=\"actions.showLightbox\" data-wp-on--load=\"callbacks.setButtonStyles\" data-wp-on--pointerdown=\"actions.preloadImage\" data-wp-on--pointerenter=\"actions.preloadImageWithDelay\" data-wp-on--pointerleave=\"actions.cancelPreload\" data-wp-on-window--resize=\"callbacks.setButtonStyles\" data-id=\"5460\" src=\"https:\/\/tsv-ettlingen.de\/tsv\/wp-content\/uploads\/2026\/09\/Aleksey-Petrenko_1280x960px-1024x768.jpg\" alt=\"\" class=\"wp-image-5460\" srcset=\"https:\/\/tsv-ettlingen.de\/tsv\/wp-content\/uploads\/2026\/09\/Aleksey-Petrenko_1280x960px-1024x768.jpg 1024w, https:\/\/tsv-ettlingen.de\/tsv\/wp-content\/uploads\/2026\/09\/Aleksey-Petrenko_1280x960px-300x225.jpg 300w, https:\/\/tsv-ettlingen.de\/tsv\/wp-content\/uploads\/2026\/09\/Aleksey-Petrenko_1280x960px-768x576.jpg 768w, https:\/\/tsv-ettlingen.de\/tsv\/wp-content\/uploads\/2026\/09\/Aleksey-Petrenko_1280x960px.jpg 1280w\" sizes=\"auto, (max-width: 1024px) 100vw, 1024px\" \/><button\n\t\t\tclass=\"lightbox-trigger\"\n\t\t\ttype=\"button\"\n\t\t\taria-haspopup=\"dialog\"\n\t\t\tdata-wp-bind--aria-label=\"state.thisImage.triggerButtonAriaLabel\"\n\t\t\tdata-wp-init=\"callbacks.initTriggerButton\"\n\t\t\tdata-wp-on--click=\"actions.showLightbox\"\n\t\t\tdata-wp-style--right=\"state.thisImage.buttonRight\"\n\t\t\tdata-wp-style--top=\"state.thisImage.buttonTop\"\n\t\t>\n\t\t\t<svg xmlns=\"http:\/\/www.w3.org\/2000\/svg\" width=\"12\" height=\"12\" fill=\"none\" viewBox=\"0 0 12 12\">\n\t\t\t\t<path fill=\"#fff\" d=\"M2 0a2 2 0 0 0-2 2v2h1.5V2a.5.5 0 0 1 .5-.5h2V0H2Zm2 10.5H2a.5.5 0 0 1-.5-.5V8H0v2a2 2 0 0 0 2 2h2v-1.5ZM8 12v-1.5h2a.5.5 0 0 0 .5-.5V8H12v2a2 2 0 0 1-2 2H8Zm2-12a2 2 0 0 1 2 2v2h-1.5V2a.5.5 0 0 0-.5-.5H8V0h2Z\" \/>\n\t\t\t<\/svg>\n\t\t<\/button><\/figure>\n\n\n\n<figure data-wp-context=\"{&quot;imageId&quot;:&quot;6a97b154da322&quot;}\" data-wp-interactive=\"core\/image\" data-wp-key=\"6a97b154da322\" class=\"wp-block-image size-large wp-lightbox-container\"><img loading=\"lazy\" decoding=\"async\" width=\"1024\" height=\"768\" data-wp-class--hide=\"state.isContentHidden\" data-wp-class--show=\"state.isContentVisible\" data-wp-init=\"callbacks.setButtonStyles\" data-wp-on--click=\"actions.showLightbox\" data-wp-on--load=\"callbacks.setButtonStyles\" data-wp-on--pointerdown=\"actions.preloadImage\" data-wp-on--pointerenter=\"actions.preloadImageWithDelay\" data-wp-on--pointerleave=\"actions.cancelPreload\" data-wp-on-window--resize=\"callbacks.setButtonStyles\" data-id=\"5459\" src=\"https:\/\/tsv-ettlingen.de\/tsv\/wp-content\/uploads\/2026\/09\/Anette-Gladitsch_1280x960px-1024x768.jpg\" alt=\"\" class=\"wp-image-5459\" srcset=\"https:\/\/tsv-ettlingen.de\/tsv\/wp-content\/uploads\/2026\/09\/Anette-Gladitsch_1280x960px-1024x768.jpg 1024w, https:\/\/tsv-ettlingen.de\/tsv\/wp-content\/uploads\/2026\/09\/Anette-Gladitsch_1280x960px-300x225.jpg 300w, https:\/\/tsv-ettlingen.de\/tsv\/wp-content\/uploads\/2026\/09\/Anette-Gladitsch_1280x960px-768x576.jpg 768w, https:\/\/tsv-ettlingen.de\/tsv\/wp-content\/uploads\/2026\/09\/Anette-Gladitsch_1280x960px.jpg 1280w\" sizes=\"auto, (max-width: 1024px) 100vw, 1024px\" \/><button\n\t\t\tclass=\"lightbox-trigger\"\n\t\t\ttype=\"button\"\n\t\t\taria-haspopup=\"dialog\"\n\t\t\tdata-wp-bind--aria-label=\"state.thisImage.triggerButtonAriaLabel\"\n\t\t\tdata-wp-init=\"callbacks.initTriggerButton\"\n\t\t\tdata-wp-on--click=\"actions.showLightbox\"\n\t\t\tdata-wp-style--right=\"state.thisImage.buttonRight\"\n\t\t\tdata-wp-style--top=\"state.thisImage.buttonTop\"\n\t\t>\n\t\t\t<svg xmlns=\"http:\/\/www.w3.org\/2000\/svg\" width=\"12\" height=\"12\" fill=\"none\" viewBox=\"0 0 12 12\">\n\t\t\t\t<path fill=\"#fff\" d=\"M2 0a2 2 0 0 0-2 2v2h1.5V2a.5.5 0 0 1 .5-.5h2V0H2Zm2 10.5H2a.5.5 0 0 1-.5-.5V8H0v2a2 2 0 0 0 2 2h2v-1.5ZM8 12v-1.5h2a.5.5 0 0 0 .5-.5V8H12v2a2 2 0 0 1-2 2H8Zm2-12a2 2 0 0 1 2 2v2h-1.5V2a.5.5 0 0 0-.5-.5H8V0h2Z\" \/>\n\t\t\t<\/svg>\n\t\t<\/button><\/figure>\n\n\n\n<figure data-wp-context=\"{&quot;imageId&quot;:&quot;6a97b154dafc6&quot;}\" data-wp-interactive=\"core\/image\" data-wp-key=\"6a97b154dafc6\" class=\"wp-block-image size-large wp-lightbox-container\"><img loading=\"lazy\" decoding=\"async\" width=\"1024\" height=\"768\" data-wp-class--hide=\"state.isContentHidden\" data-wp-class--show=\"state.isContentVisible\" data-wp-init=\"callbacks.setButtonStyles\" data-wp-on--click=\"actions.showLightbox\" data-wp-on--load=\"callbacks.setButtonStyles\" data-wp-on--pointerdown=\"actions.preloadImage\" data-wp-on--pointerenter=\"actions.preloadImageWithDelay\" data-wp-on--pointerleave=\"actions.cancelPreload\" data-wp-on-window--resize=\"callbacks.setButtonStyles\" data-id=\"5461\" src=\"https:\/\/tsv-ettlingen.de\/tsv\/wp-content\/uploads\/2026\/09\/Denis-Raible_1280x960px-1024x768.jpg\" alt=\"\" class=\"wp-image-5461\" srcset=\"https:\/\/tsv-ettlingen.de\/tsv\/wp-content\/uploads\/2026\/09\/Denis-Raible_1280x960px-1024x768.jpg 1024w, https:\/\/tsv-ettlingen.de\/tsv\/wp-content\/uploads\/2026\/09\/Denis-Raible_1280x960px-300x225.jpg 300w, https:\/\/tsv-ettlingen.de\/tsv\/wp-content\/uploads\/2026\/09\/Denis-Raible_1280x960px-768x576.jpg 768w, https:\/\/tsv-ettlingen.de\/tsv\/wp-content\/uploads\/2026\/09\/Denis-Raible_1280x960px.jpg 1280w\" sizes=\"auto, (max-width: 1024px) 100vw, 1024px\" \/><button\n\t\t\tclass=\"lightbox-trigger\"\n\t\t\ttype=\"button\"\n\t\t\taria-haspopup=\"dialog\"\n\t\t\tdata-wp-bind--aria-label=\"state.thisImage.triggerButtonAriaLabel\"\n\t\t\tdata-wp-init=\"callbacks.initTriggerButton\"\n\t\t\tdata-wp-on--click=\"actions.showLightbox\"\n\t\t\tdata-wp-style--right=\"state.thisImage.buttonRight\"\n\t\t\tdata-wp-style--top=\"state.thisImage.buttonTop\"\n\t\t>\n\t\t\t<svg xmlns=\"http:\/\/www.w3.org\/2000\/svg\" width=\"12\" height=\"12\" fill=\"none\" viewBox=\"0 0 12 12\">\n\t\t\t\t<path fill=\"#fff\" d=\"M2 0a2 2 0 0 0-2 2v2h1.5V2a.5.5 0 0 1 .5-.5h2V0H2Zm2 10.5H2a.5.5 0 0 1-.5-.5V8H0v2a2 2 0 0 0 2 2h2v-1.5ZM8 12v-1.5h2a.5.5 0 0 0 .5-.5V8H12v2a2 2 0 0 1-2 2H8Zm2-12a2 2 0 0 1 2 2v2h-1.5V2a.5.5 0 0 0-.5-.5H8V0h2Z\" \/>\n\t\t\t<\/svg>\n\t\t<\/button><\/figure>\n\n\n\n<figure data-wp-context=\"{&quot;imageId&quot;:&quot;6a97b154dbc7b&quot;}\" data-wp-interactive=\"core\/image\" data-wp-key=\"6a97b154dbc7b\" class=\"wp-block-image size-large wp-lightbox-container\"><img loading=\"lazy\" decoding=\"async\" width=\"1024\" height=\"768\" data-wp-class--hide=\"state.isContentHidden\" data-wp-class--show=\"state.isContentVisible\" data-wp-init=\"callbacks.setButtonStyles\" data-wp-on--click=\"actions.showLightbox\" data-wp-on--load=\"callbacks.setButtonStyles\" data-wp-on--pointerdown=\"actions.preloadImage\" data-wp-on--pointerenter=\"actions.preloadImageWithDelay\" data-wp-on--pointerleave=\"actions.cancelPreload\" data-wp-on-window--resize=\"callbacks.setButtonStyles\" data-id=\"5463\" src=\"https:\/\/tsv-ettlingen.de\/tsv\/wp-content\/uploads\/2026\/09\/Ehrungen-2026_1280x960px-1024x768.jpg\" alt=\"\" class=\"wp-image-5463\" srcset=\"https:\/\/tsv-ettlingen.de\/tsv\/wp-content\/uploads\/2026\/09\/Ehrungen-2026_1280x960px-1024x768.jpg 1024w, https:\/\/tsv-ettlingen.de\/tsv\/wp-content\/uploads\/2026\/09\/Ehrungen-2026_1280x960px-300x225.jpg 300w, https:\/\/tsv-ettlingen.de\/tsv\/wp-content\/uploads\/2026\/09\/Ehrungen-2026_1280x960px-768x576.jpg 768w, https:\/\/tsv-ettlingen.de\/tsv\/wp-content\/uploads\/2026\/09\/Ehrungen-2026_1280x960px.jpg 1280w\" sizes=\"auto, (max-width: 1024px) 100vw, 1024px\" \/><button\n\t\t\tclass=\"lightbox-trigger\"\n\t\t\ttype=\"button\"\n\t\t\taria-haspopup=\"dialog\"\n\t\t\tdata-wp-bind--aria-label=\"state.thisImage.triggerButtonAriaLabel\"\n\t\t\tdata-wp-init=\"callbacks.initTriggerButton\"\n\t\t\tdata-wp-on--click=\"actions.showLightbox\"\n\t\t\tdata-wp-style--right=\"state.thisImage.buttonRight\"\n\t\t\tdata-wp-style--top=\"state.thisImage.buttonTop\"\n\t\t>\n\t\t\t<svg xmlns=\"http:\/\/www.w3.org\/2000\/svg\" width=\"12\" height=\"12\" fill=\"none\" viewBox=\"0 0 12 12\">\n\t\t\t\t<path fill=\"#fff\" d=\"M2 0a2 2 0 0 0-2 2v2h1.5V2a.5.5 0 0 1 .5-.5h2V0H2Zm2 10.5H2a.5.5 0 0 1-.5-.5V8H0v2a2 2 0 0 0 2 2h2v-1.5ZM8 12v-1.5h2a.5.5 0 0 0 .5-.5V8H12v2a2 2 0 0 1-2 2H8Zm2-12a2 2 0 0 1 2 2v2h-1.5V2a.5.5 0 0 0-.5-.5H8V0h2Z\" \/>\n\t\t\t<\/svg>\n\t\t<\/button><\/figure>\n\n\n\n<figure data-wp-context=\"{&quot;imageId&quot;:&quot;6a97b154dc8ff&quot;}\" data-wp-interactive=\"core\/image\" data-wp-key=\"6a97b154dc8ff\" class=\"wp-block-image size-large wp-lightbox-container\"><img loading=\"lazy\" decoding=\"async\" width=\"768\" height=\"1024\" data-wp-class--hide=\"state.isContentHidden\" data-wp-class--show=\"state.isContentVisible\" data-wp-init=\"callbacks.setButtonStyles\" data-wp-on--click=\"actions.showLightbox\" data-wp-on--load=\"callbacks.setButtonStyles\" data-wp-on--pointerdown=\"actions.preloadImage\" data-wp-on--pointerenter=\"actions.preloadImageWithDelay\" data-wp-on--pointerleave=\"actions.cancelPreload\" data-wp-on-window--resize=\"callbacks.setButtonStyles\" data-id=\"5464\" src=\"https:\/\/tsv-ettlingen.de\/tsv\/wp-content\/uploads\/2026\/09\/Hans-Juergen-Gladitsch_960x1280px-768x1024-1.jpg\" alt=\"\" class=\"wp-image-5464\" srcset=\"https:\/\/tsv-ettlingen.de\/tsv\/wp-content\/uploads\/2026\/09\/Hans-Juergen-Gladitsch_960x1280px-768x1024-1.jpg 768w, https:\/\/tsv-ettlingen.de\/tsv\/wp-content\/uploads\/2026\/09\/Hans-Juergen-Gladitsch_960x1280px-225x300.jpg 225w, https:\/\/tsv-ettlingen.de\/tsv\/wp-content\/uploads\/2026\/09\/Hans-Juergen-Gladitsch_960x1280px.jpg 960w\" sizes=\"auto, (max-width: 768px) 100vw, 768px\" \/><button\n\t\t\tclass=\"lightbox-trigger\"\n\t\t\ttype=\"button\"\n\t\t\taria-haspopup=\"dialog\"\n\t\t\tdata-wp-bind--aria-label=\"state.thisImage.triggerButtonAriaLabel\"\n\t\t\tdata-wp-init=\"callbacks.initTriggerButton\"\n\t\t\tdata-wp-on--click=\"actions.showLightbox\"\n\t\t\tdata-wp-style--right=\"state.thisImage.buttonRight\"\n\t\t\tdata-wp-style--top=\"state.thisImage.buttonTop\"\n\t\t>\n\t\t\t<svg xmlns=\"http:\/\/www.w3.org\/2000\/svg\" width=\"12\" height=\"12\" fill=\"none\" viewBox=\"0 0 12 12\">\n\t\t\t\t<path fill=\"#fff\" d=\"M2 0a2 2 0 0 0-2 2v2h1.5V2a.5.5 0 0 1 .5-.5h2V0H2Zm2 10.5H2a.5.5 0 0 1-.5-.5V8H0v2a2 2 0 0 0 2 2h2v-1.5ZM8 12v-1.5h2a.5.5 0 0 0 .5-.5V8H12v2a2 2 0 0 1-2 2H8Zm2-12a2 2 0 0 1 2 2v2h-1.5V2a.5.5 0 0 0-.5-.5H8V0h2Z\" \/>\n\t\t\t<\/svg>\n\t\t<\/button><\/figure>\n\n\n\n<figure data-wp-context=\"{&quot;imageId&quot;:&quot;6a97b154dd4fe&quot;}\" data-wp-interactive=\"core\/image\" data-wp-key=\"6a97b154dd4fe\" class=\"wp-block-image size-large wp-lightbox-container\"><img loading=\"lazy\" decoding=\"async\" width=\"768\" height=\"1024\" data-wp-class--hide=\"state.isContentHidden\" data-wp-class--show=\"state.isContentVisible\" data-wp-init=\"callbacks.setButtonStyles\" data-wp-on--click=\"actions.showLightbox\" data-wp-on--load=\"callbacks.setButtonStyles\" data-wp-on--pointerdown=\"actions.preloadImage\" data-wp-on--pointerenter=\"actions.preloadImageWithDelay\" data-wp-on--pointerleave=\"actions.cancelPreload\" data-wp-on-window--resize=\"callbacks.setButtonStyles\" data-id=\"5465\" src=\"https:\/\/tsv-ettlingen.de\/tsv\/wp-content\/uploads\/2026\/09\/Hans-Juergen-Gladitsch2_960x1280px-768x1024-1.jpg\" alt=\"\" class=\"wp-image-5465\" srcset=\"https:\/\/tsv-ettlingen.de\/tsv\/wp-content\/uploads\/2026\/09\/Hans-Juergen-Gladitsch2_960x1280px-768x1024-1.jpg 768w, https:\/\/tsv-ettlingen.de\/tsv\/wp-content\/uploads\/2026\/09\/Hans-Juergen-Gladitsch2_960x1280px-225x300.jpg 225w, https:\/\/tsv-ettlingen.de\/tsv\/wp-content\/uploads\/2026\/09\/Hans-Juergen-Gladitsch2_960x1280px.jpg 960w\" sizes=\"auto, (max-width: 768px) 100vw, 768px\" \/><button\n\t\t\tclass=\"lightbox-trigger\"\n\t\t\ttype=\"button\"\n\t\t\taria-haspopup=\"dialog\"\n\t\t\tdata-wp-bind--aria-label=\"state.thisImage.triggerButtonAriaLabel\"\n\t\t\tdata-wp-init=\"callbacks.initTriggerButton\"\n\t\t\tdata-wp-on--click=\"actions.showLightbox\"\n\t\t\tdata-wp-style--right=\"state.thisImage.buttonRight\"\n\t\t\tdata-wp-style--top=\"state.thisImage.buttonTop\"\n\t\t>\n\t\t\t<svg xmlns=\"http:\/\/www.w3.org\/2000\/svg\" width=\"12\" height=\"12\" fill=\"none\" viewBox=\"0 0 12 12\">\n\t\t\t\t<path fill=\"#fff\" d=\"M2 0a2 2 0 0 0-2 2v2h1.5V2a.5.5 0 0 1 .5-.5h2V0H2Zm2 10.5H2a.5.5 0 0 1-.5-.5V8H0v2a2 2 0 0 0 2 2h2v-1.5ZM8 12v-1.5h2a.5.5 0 0 0 .5-.5V8H12v2a2 2 0 0 1-2 2H8Zm2-12a2 2 0 0 1 2 2v2h-1.5V2a.5.5 0 0 0-.5-.5H8V0h2Z\" \/>\n\t\t\t<\/svg>\n\t\t<\/button><\/figure>\n\n\n\n<figure data-wp-context=\"{&quot;imageId&quot;:&quot;6a97b154de0f4&quot;}\" data-wp-interactive=\"core\/image\" data-wp-key=\"6a97b154de0f4\" class=\"wp-block-image size-large wp-lightbox-container\"><img loading=\"lazy\" decoding=\"async\" width=\"768\" height=\"1024\" data-wp-class--hide=\"state.isContentHidden\" data-wp-class--show=\"state.isContentVisible\" data-wp-init=\"callbacks.setButtonStyles\" data-wp-on--click=\"actions.showLightbox\" data-wp-on--load=\"callbacks.setButtonStyles\" data-wp-on--pointerdown=\"actions.preloadImage\" data-wp-on--pointerenter=\"actions.preloadImageWithDelay\" data-wp-on--pointerleave=\"actions.cancelPreload\" data-wp-on-window--resize=\"callbacks.setButtonStyles\" data-id=\"5467\" src=\"https:\/\/tsv-ettlingen.de\/tsv\/wp-content\/uploads\/2026\/09\/Katharina-Boersig_960x1280px-768x1024-1.jpg\" alt=\"\" class=\"wp-image-5467\" srcset=\"https:\/\/tsv-ettlingen.de\/tsv\/wp-content\/uploads\/2026\/09\/Katharina-Boersig_960x1280px-768x1024-1.jpg 768w, https:\/\/tsv-ettlingen.de\/tsv\/wp-content\/uploads\/2026\/09\/Katharina-Boersig_960x1280px-225x300.jpg 225w, https:\/\/tsv-ettlingen.de\/tsv\/wp-content\/uploads\/2026\/09\/Katharina-Boersig_960x1280px.jpg 960w\" sizes=\"auto, (max-width: 768px) 100vw, 768px\" \/><button\n\t\t\tclass=\"lightbox-trigger\"\n\t\t\ttype=\"button\"\n\t\t\taria-haspopup=\"dialog\"\n\t\t\tdata-wp-bind--aria-label=\"state.thisImage.triggerButtonAriaLabel\"\n\t\t\tdata-wp-init=\"callbacks.initTriggerButton\"\n\t\t\tdata-wp-on--click=\"actions.showLightbox\"\n\t\t\tdata-wp-style--right=\"state.thisImage.buttonRight\"\n\t\t\tdata-wp-style--top=\"state.thisImage.buttonTop\"\n\t\t>\n\t\t\t<svg xmlns=\"http:\/\/www.w3.org\/2000\/svg\" width=\"12\" height=\"12\" fill=\"none\" viewBox=\"0 0 12 12\">\n\t\t\t\t<path fill=\"#fff\" d=\"M2 0a2 2 0 0 0-2 2v2h1.5V2a.5.5 0 0 1 .5-.5h2V0H2Zm2 10.5H2a.5.5 0 0 1-.5-.5V8H0v2a2 2 0 0 0 2 2h2v-1.5ZM8 12v-1.5h2a.5.5 0 0 0 .5-.5V8H12v2a2 2 0 0 1-2 2H8Zm2-12a2 2 0 0 1 2 2v2h-1.5V2a.5.5 0 0 0-.5-.5H8V0h2Z\" \/>\n\t\t\t<\/svg>\n\t\t<\/button><\/figure>\n\n\n\n<figure data-wp-context=\"{&quot;imageId&quot;:&quot;6a97b154dedec&quot;}\" data-wp-interactive=\"core\/image\" data-wp-key=\"6a97b154dedec\" class=\"wp-block-image size-large wp-lightbox-container\"><img loading=\"lazy\" decoding=\"async\" width=\"768\" height=\"1024\" data-wp-class--hide=\"state.isContentHidden\" data-wp-class--show=\"state.isContentVisible\" data-wp-init=\"callbacks.setButtonStyles\" data-wp-on--click=\"actions.showLightbox\" data-wp-on--load=\"callbacks.setButtonStyles\" data-wp-on--pointerdown=\"actions.preloadImage\" data-wp-on--pointerenter=\"actions.preloadImageWithDelay\" data-wp-on--pointerleave=\"actions.cancelPreload\" data-wp-on-window--resize=\"callbacks.setButtonStyles\" data-id=\"5466\" src=\"https:\/\/tsv-ettlingen.de\/tsv\/wp-content\/uploads\/2026\/09\/Lennart-Neumann_960x1280px-768x1024-1.jpg\" alt=\"\" class=\"wp-image-5466\" srcset=\"https:\/\/tsv-ettlingen.de\/tsv\/wp-content\/uploads\/2026\/09\/Lennart-Neumann_960x1280px-768x1024-1.jpg 768w, https:\/\/tsv-ettlingen.de\/tsv\/wp-content\/uploads\/2026\/09\/Lennart-Neumann_960x1280px-225x300.jpg 225w, https:\/\/tsv-ettlingen.de\/tsv\/wp-content\/uploads\/2026\/09\/Lennart-Neumann_960x1280px.jpg 960w\" sizes=\"auto, (max-width: 768px) 100vw, 768px\" \/><button\n\t\t\tclass=\"lightbox-trigger\"\n\t\t\ttype=\"button\"\n\t\t\taria-haspopup=\"dialog\"\n\t\t\tdata-wp-bind--aria-label=\"state.thisImage.triggerButtonAriaLabel\"\n\t\t\tdata-wp-init=\"callbacks.initTriggerButton\"\n\t\t\tdata-wp-on--click=\"actions.showLightbox\"\n\t\t\tdata-wp-style--right=\"state.thisImage.buttonRight\"\n\t\t\tdata-wp-style--top=\"state.thisImage.buttonTop\"\n\t\t>\n\t\t\t<svg xmlns=\"http:\/\/www.w3.org\/2000\/svg\" width=\"12\" height=\"12\" fill=\"none\" viewBox=\"0 0 12 12\">\n\t\t\t\t<path fill=\"#fff\" d=\"M2 0a2 2 0 0 0-2 2v2h1.5V2a.5.5 0 0 1 .5-.5h2V0H2Zm2 10.5H2a.5.5 0 0 1-.5-.5V8H0v2a2 2 0 0 0 2 2h2v-1.5ZM8 12v-1.5h2a.5.5 0 0 0 .5-.5V8H12v2a2 2 0 0 1-2 2H8Zm2-12a2 2 0 0 1 2 2v2h-1.5V2a.5.5 0 0 0-.5-.5H8V0h2Z\" \/>\n\t\t\t<\/svg>\n\t\t<\/button><\/figure>\n\n\n\n<figure data-wp-context=\"{&quot;imageId&quot;:&quot;6a97b154dfb5f&quot;}\" data-wp-interactive=\"core\/image\" data-wp-key=\"6a97b154dfb5f\" class=\"wp-block-image size-large wp-lightbox-container\"><img loading=\"lazy\" decoding=\"async\" width=\"1024\" height=\"768\" data-wp-class--hide=\"state.isContentHidden\" data-wp-class--show=\"state.isContentVisible\" data-wp-init=\"callbacks.setButtonStyles\" data-wp-on--click=\"actions.showLightbox\" data-wp-on--load=\"callbacks.setButtonStyles\" data-wp-on--pointerdown=\"actions.preloadImage\" data-wp-on--pointerenter=\"actions.preloadImageWithDelay\" data-wp-on--pointerleave=\"actions.cancelPreload\" data-wp-on-window--resize=\"callbacks.setButtonStyles\" data-id=\"5468\" src=\"https:\/\/tsv-ettlingen.de\/tsv\/wp-content\/uploads\/2026\/09\/Markus-Kubutat_1280x960px-1024x768.jpg\" alt=\"\" class=\"wp-image-5468\" srcset=\"https:\/\/tsv-ettlingen.de\/tsv\/wp-content\/uploads\/2026\/09\/Markus-Kubutat_1280x960px-1024x768.jpg 1024w, https:\/\/tsv-ettlingen.de\/tsv\/wp-content\/uploads\/2026\/09\/Markus-Kubutat_1280x960px-300x225.jpg 300w, https:\/\/tsv-ettlingen.de\/tsv\/wp-content\/uploads\/2026\/09\/Markus-Kubutat_1280x960px-768x576.jpg 768w, https:\/\/tsv-ettlingen.de\/tsv\/wp-content\/uploads\/2026\/09\/Markus-Kubutat_1280x960px.jpg 1280w\" sizes=\"auto, (max-width: 1024px) 100vw, 1024px\" \/><button\n\t\t\tclass=\"lightbox-trigger\"\n\t\t\ttype=\"button\"\n\t\t\taria-haspopup=\"dialog\"\n\t\t\tdata-wp-bind--aria-label=\"state.thisImage.triggerButtonAriaLabel\"\n\t\t\tdata-wp-init=\"callbacks.initTriggerButton\"\n\t\t\tdata-wp-on--click=\"actions.showLightbox\"\n\t\t\tdata-wp-style--right=\"state.thisImage.buttonRight\"\n\t\t\tdata-wp-style--top=\"state.thisImage.buttonTop\"\n\t\t>\n\t\t\t<svg xmlns=\"http:\/\/www.w3.org\/2000\/svg\" width=\"12\" height=\"12\" fill=\"none\" viewBox=\"0 0 12 12\">\n\t\t\t\t<path fill=\"#fff\" d=\"M2 0a2 2 0 0 0-2 2v2h1.5V2a.5.5 0 0 1 .5-.5h2V0H2Zm2 10.5H2a.5.5 0 0 1-.5-.5V8H0v2a2 2 0 0 0 2 2h2v-1.5ZM8 12v-1.5h2a.5.5 0 0 0 .5-.5V8H12v2a2 2 0 0 1-2 2H8Zm2-12a2 2 0 0 1 2 2v2h-1.5V2a.5.5 0 0 0-.5-.5H8V0h2Z\" \/>\n\t\t\t<\/svg>\n\t\t<\/button><\/figure>\n\n\n\n<figure data-wp-context=\"{&quot;imageId&quot;:&quot;6a97b154e0955&quot;}\" data-wp-interactive=\"core\/image\" data-wp-key=\"6a97b154e0955\" class=\"wp-block-image size-large wp-lightbox-container\"><img loading=\"lazy\" decoding=\"async\" width=\"768\" height=\"1024\" data-wp-class--hide=\"state.isContentHidden\" data-wp-class--show=\"state.isContentVisible\" data-wp-init=\"callbacks.setButtonStyles\" data-wp-on--click=\"actions.showLightbox\" data-wp-on--load=\"callbacks.setButtonStyles\" data-wp-on--pointerdown=\"actions.preloadImage\" data-wp-on--pointerenter=\"actions.preloadImageWithDelay\" data-wp-on--pointerleave=\"actions.cancelPreload\" data-wp-on-window--resize=\"callbacks.setButtonStyles\" data-id=\"5469\" src=\"https:\/\/tsv-ettlingen.de\/tsv\/wp-content\/uploads\/2026\/09\/Markus-Kubutat2_960x1280px-768x1024-1.jpg\" alt=\"\" class=\"wp-image-5469\" srcset=\"https:\/\/tsv-ettlingen.de\/tsv\/wp-content\/uploads\/2026\/09\/Markus-Kubutat2_960x1280px-768x1024-1.jpg 768w, https:\/\/tsv-ettlingen.de\/tsv\/wp-content\/uploads\/2026\/09\/Markus-Kubutat2_960x1280px-225x300.jpg 225w, https:\/\/tsv-ettlingen.de\/tsv\/wp-content\/uploads\/2026\/09\/Markus-Kubutat2_960x1280px.jpg 960w\" sizes=\"auto, (max-width: 768px) 100vw, 768px\" \/><button\n\t\t\tclass=\"lightbox-trigger\"\n\t\t\ttype=\"button\"\n\t\t\taria-haspopup=\"dialog\"\n\t\t\tdata-wp-bind--aria-label=\"state.thisImage.triggerButtonAriaLabel\"\n\t\t\tdata-wp-init=\"callbacks.initTriggerButton\"\n\t\t\tdata-wp-on--click=\"actions.showLightbox\"\n\t\t\tdata-wp-style--right=\"state.thisImage.buttonRight\"\n\t\t\tdata-wp-style--top=\"state.thisImage.buttonTop\"\n\t\t>\n\t\t\t<svg xmlns=\"http:\/\/www.w3.org\/2000\/svg\" width=\"12\" height=\"12\" fill=\"none\" viewBox=\"0 0 12 12\">\n\t\t\t\t<path fill=\"#fff\" d=\"M2 0a2 2 0 0 0-2 2v2h1.5V2a.5.5 0 0 1 .5-.5h2V0H2Zm2 10.5H2a.5.5 0 0 1-.5-.5V8H0v2a2 2 0 0 0 2 2h2v-1.5ZM8 12v-1.5h2a.5.5 0 0 0 .5-.5V8H12v2a2 2 0 0 1-2 2H8Zm2-12a2 2 0 0 1 2 2v2h-1.5V2a.5.5 0 0 0-.5-.5H8V0h2Z\" \/>\n\t\t\t<\/svg>\n\t\t<\/button><\/figure>\n\n\n\n<figure data-wp-context=\"{&quot;imageId&quot;:&quot;6a97b154e1713&quot;}\" data-wp-interactive=\"core\/image\" data-wp-key=\"6a97b154e1713\" class=\"wp-block-image size-large wp-lightbox-container\"><img loading=\"lazy\" decoding=\"async\" width=\"1024\" height=\"768\" data-wp-class--hide=\"state.isContentHidden\" data-wp-class--show=\"state.isContentVisible\" data-wp-init=\"callbacks.setButtonStyles\" data-wp-on--click=\"actions.showLightbox\" data-wp-on--load=\"callbacks.setButtonStyles\" data-wp-on--pointerdown=\"actions.preloadImage\" data-wp-on--pointerenter=\"actions.preloadImageWithDelay\" data-wp-on--pointerleave=\"actions.cancelPreload\" data-wp-on-window--resize=\"callbacks.setButtonStyles\" data-id=\"5470\" src=\"https:\/\/tsv-ettlingen.de\/tsv\/wp-content\/uploads\/2026\/09\/Nelly-Becker_1280x960px-1024x768.jpg\" alt=\"\" class=\"wp-image-5470\" srcset=\"https:\/\/tsv-ettlingen.de\/tsv\/wp-content\/uploads\/2026\/09\/Nelly-Becker_1280x960px-1024x768.jpg 1024w, https:\/\/tsv-ettlingen.de\/tsv\/wp-content\/uploads\/2026\/09\/Nelly-Becker_1280x960px-300x225.jpg 300w, https:\/\/tsv-ettlingen.de\/tsv\/wp-content\/uploads\/2026\/09\/Nelly-Becker_1280x960px-768x576.jpg 768w, https:\/\/tsv-ettlingen.de\/tsv\/wp-content\/uploads\/2026\/09\/Nelly-Becker_1280x960px.jpg 1280w\" sizes=\"auto, (max-width: 1024px) 100vw, 1024px\" \/><button\n\t\t\tclass=\"lightbox-trigger\"\n\t\t\ttype=\"button\"\n\t\t\taria-haspopup=\"dialog\"\n\t\t\tdata-wp-bind--aria-label=\"state.thisImage.triggerButtonAriaLabel\"\n\t\t\tdata-wp-init=\"callbacks.initTriggerButton\"\n\t\t\tdata-wp-on--click=\"actions.showLightbox\"\n\t\t\tdata-wp-style--right=\"state.thisImage.buttonRight\"\n\t\t\tdata-wp-style--top=\"state.thisImage.buttonTop\"\n\t\t>\n\t\t\t<svg xmlns=\"http:\/\/www.w3.org\/2000\/svg\" width=\"12\" height=\"12\" fill=\"none\" viewBox=\"0 0 12 12\">\n\t\t\t\t<path fill=\"#fff\" d=\"M2 0a2 2 0 0 0-2 2v2h1.5V2a.5.5 0 0 1 .5-.5h2V0H2Zm2 10.5H2a.5.5 0 0 1-.5-.5V8H0v2a2 2 0 0 0 2 2h2v-1.5ZM8 12v-1.5h2a.5.5 0 0 0 .5-.5V8H12v2a2 2 0 0 1-2 2H8Zm2-12a2 2 0 0 1 2 2v2h-1.5V2a.5.5 0 0 0-.5-.5H8V0h2Z\" \/>\n\t\t\t<\/svg>\n\t\t<\/button><\/figure>\n\n\n\n<figure data-wp-context=\"{&quot;imageId&quot;:&quot;6a97b154e248d&quot;}\" data-wp-interactive=\"core\/image\" data-wp-key=\"6a97b154e248d\" class=\"wp-block-image size-large wp-lightbox-container\"><img loading=\"lazy\" decoding=\"async\" width=\"768\" height=\"1024\" data-wp-class--hide=\"state.isContentHidden\" data-wp-class--show=\"state.isContentVisible\" data-wp-init=\"callbacks.setButtonStyles\" data-wp-on--click=\"actions.showLightbox\" data-wp-on--load=\"callbacks.setButtonStyles\" data-wp-on--pointerdown=\"actions.preloadImage\" data-wp-on--pointerenter=\"actions.preloadImageWithDelay\" data-wp-on--pointerleave=\"actions.cancelPreload\" data-wp-on-window--resize=\"callbacks.setButtonStyles\" data-id=\"5471\" src=\"https:\/\/tsv-ettlingen.de\/tsv\/wp-content\/uploads\/2026\/09\/Paul-Heidt_960x1280px-768x1024-1.jpg\" alt=\"\" class=\"wp-image-5471\" srcset=\"https:\/\/tsv-ettlingen.de\/tsv\/wp-content\/uploads\/2026\/09\/Paul-Heidt_960x1280px-768x1024-1.jpg 768w, https:\/\/tsv-ettlingen.de\/tsv\/wp-content\/uploads\/2026\/09\/Paul-Heidt_960x1280px-225x300.jpg 225w, https:\/\/tsv-ettlingen.de\/tsv\/wp-content\/uploads\/2026\/09\/Paul-Heidt_960x1280px.jpg 960w\" sizes=\"auto, (max-width: 768px) 100vw, 768px\" \/><button\n\t\t\tclass=\"lightbox-trigger\"\n\t\t\ttype=\"button\"\n\t\t\taria-haspopup=\"dialog\"\n\t\t\tdata-wp-bind--aria-label=\"state.thisImage.triggerButtonAriaLabel\"\n\t\t\tdata-wp-init=\"callbacks.initTriggerButton\"\n\t\t\tdata-wp-on--click=\"actions.showLightbox\"\n\t\t\tdata-wp-style--right=\"state.thisImage.buttonRight\"\n\t\t\tdata-wp-style--top=\"state.thisImage.buttonTop\"\n\t\t>\n\t\t\t<svg xmlns=\"http:\/\/www.w3.org\/2000\/svg\" width=\"12\" height=\"12\" fill=\"none\" viewBox=\"0 0 12 12\">\n\t\t\t\t<path fill=\"#fff\" d=\"M2 0a2 2 0 0 0-2 2v2h1.5V2a.5.5 0 0 1 .5-.5h2V0H2Zm2 10.5H2a.5.5 0 0 1-.5-.5V8H0v2a2 2 0 0 0 2 2h2v-1.5ZM8 12v-1.5h2a.5.5 0 0 0 .5-.5V8H12v2a2 2 0 0 1-2 2H8Zm2-12a2 2 0 0 1 2 2v2h-1.5V2a.5.5 0 0 0-.5-.5H8V0h2Z\" \/>\n\t\t\t<\/svg>\n\t\t<\/button><\/figure>\n\n\n\n<figure data-wp-context=\"{&quot;imageId&quot;:&quot;6a97b154e32a1&quot;}\" data-wp-interactive=\"core\/image\" data-wp-key=\"6a97b154e32a1\" class=\"wp-block-image size-large wp-lightbox-container\"><img loading=\"lazy\" decoding=\"async\" width=\"1024\" height=\"768\" data-wp-class--hide=\"state.isContentHidden\" data-wp-class--show=\"state.isContentVisible\" data-wp-init=\"callbacks.setButtonStyles\" data-wp-on--click=\"actions.showLightbox\" data-wp-on--load=\"callbacks.setButtonStyles\" data-wp-on--pointerdown=\"actions.preloadImage\" data-wp-on--pointerenter=\"actions.preloadImageWithDelay\" data-wp-on--pointerleave=\"actions.cancelPreload\" data-wp-on-window--resize=\"callbacks.setButtonStyles\" data-id=\"5472\" src=\"https:\/\/tsv-ettlingen.de\/tsv\/wp-content\/uploads\/2026\/09\/Paul-Heidt2_1280x960px-1024x768.jpg\" alt=\"\" class=\"wp-image-5472\" srcset=\"https:\/\/tsv-ettlingen.de\/tsv\/wp-content\/uploads\/2026\/09\/Paul-Heidt2_1280x960px-1024x768.jpg 1024w, https:\/\/tsv-ettlingen.de\/tsv\/wp-content\/uploads\/2026\/09\/Paul-Heidt2_1280x960px-300x225.jpg 300w, https:\/\/tsv-ettlingen.de\/tsv\/wp-content\/uploads\/2026\/09\/Paul-Heidt2_1280x960px-768x576.jpg 768w, https:\/\/tsv-ettlingen.de\/tsv\/wp-content\/uploads\/2026\/09\/Paul-Heidt2_1280x960px.jpg 1280w\" sizes=\"auto, (max-width: 1024px) 100vw, 1024px\" \/><button\n\t\t\tclass=\"lightbox-trigger\"\n\t\t\ttype=\"button\"\n\t\t\taria-haspopup=\"dialog\"\n\t\t\tdata-wp-bind--aria-label=\"state.thisImage.triggerButtonAriaLabel\"\n\t\t\tdata-wp-init=\"callbacks.initTriggerButton\"\n\t\t\tdata-wp-on--click=\"actions.showLightbox\"\n\t\t\tdata-wp-style--right=\"state.thisImage.buttonRight\"\n\t\t\tdata-wp-style--top=\"state.thisImage.buttonTop\"\n\t\t>\n\t\t\t<svg xmlns=\"http:\/\/www.w3.org\/2000\/svg\" width=\"12\" height=\"12\" fill=\"none\" viewBox=\"0 0 12 12\">\n\t\t\t\t<path fill=\"#fff\" d=\"M2 0a2 2 0 0 0-2 2v2h1.5V2a.5.5 0 0 1 .5-.5h2V0H2Zm2 10.5H2a.5.5 0 0 1-.5-.5V8H0v2a2 2 0 0 0 2 2h2v-1.5ZM8 12v-1.5h2a.5.5 0 0 0 .5-.5V8H12v2a2 2 0 0 1-2 2H8Zm2-12a2 2 0 0 1 2 2v2h-1.5V2a.5.5 0 0 0-.5-.5H8V0h2Z\" \/>\n\t\t\t<\/svg>\n\t\t<\/button><\/figure>\n<\/figure>\n\n\n\n<p class=\"wp-block-paragraph\"><\/p>\n\n\n\n<p class=\"wp-block-paragraph\">Ebenfalls standen die Ehrungen unserer langj\u00e4hrigen Mitglieder auf dem Programm. Zahlreiche Mitglieder wurden f\u00fcr ihre langj\u00e4hrige Treue zum TSV Ettlingen ausgezeichnet \u2013 f\u00fcr <strong>10, 15, 20 und 40 Jahre Vereinszugeh\u00f6rigkeit<\/strong>. Gemeinsam mit unseren Ehrenmitgliedern, den \u201eAlten Herren\u201c und den Gymnastinnen boten die Ehrungen einen w\u00fcrdigen Rahmen, um die langj\u00e4hrige Verbundenheit mit dem Verein zu feiern und Danke zu sagen.<\/p>\n\n\n\n<p class=\"wp-block-paragraph\">Unser Dank gilt au\u00dferdem allen Helferinnen und Helfern, Unterst\u00fctzern, Mitgliedern und nat\u00fcrlich allen Besucherinnen und Besuchern, die den TSV-Stand zu einem festen und beliebten Bestandteil des Ettlinger Marktfests machen.<\/p>\n\n\n\n<p class=\"wp-block-paragraph\"><strong>Wir freuen uns bereits auf das n\u00e4chste Marktfest!<\/strong><\/p>\n","protected":false},"excerpt":{"rendered":"<p>Das Ettlinger Marktfest liegt hinter uns \u2013 und beim TSV Ettlingen f\u00e4llt das Fazit durchweg positiv aus. Bei bestem Festwetter konnten wir zahlreiche Besucherinnen und Besucher an unserem Stand begr\u00fc\u00dfen und gemeinsam ein sch\u00f6nes Marktfestwochenende erleben. Unsere heimelige Biergarten-Atmosph\u00e4re wurde von den G\u00e4sten sehr gut angenommen. Die Stimmung unter den Marktfestbesuchern war insgesamt durchweg hervorragend&hellip;&nbsp;<a href=\"https:\/\/tsv-ettlingen.de\/tsv\/erfolgreiches-marktfest-fuer-den-tsv-ettlingen\" rel=\"bookmark\">Weiterlesen &raquo;<span class=\"screen-reader-text\">Erfolgreiches Marktfest f\u00fcr den TSV Ettlingen<\/span><\/a><\/p>\n","protected":false},"author":9,"featured_media":5454,"comment_status":"open","ping_status":"open","sticky":false,"template":"","format":"standard","meta":{"neve_meta_sidebar":"","neve_meta_container":"","neve_meta_enable_content_width":"","neve_meta_content_width":0,"neve_meta_title_alignment":"","neve_meta_author_avatar":"","neve_post_elements_order":"","neve_meta_disable_header":"","neve_meta_disable_footer":"","neve_meta_disable_title":"","_themeisle_gutenberg_block_has_review":false,"footnotes":""},"categories":[1],"tags":[265,495,496,4,124],"class_list":["post-5453","post","type-post","status-publish","format-standard","has-post-thumbnail","hentry","category-allgemein","tag-abschied","tag-erfolg","tag-hans-juergen-gladitsch","tag-marktfest","tag-marktfest-ettlingen"],"yoast_head":"<!-- This site is optimized with the Yoast SEO plugin v28.4 - https:\/\/yoast.com\/product\/yoast-seo-wordpress\/ -->\n<title>Erfolgreiches Marktfest f\u00fcr den TSV Ettlingen - TSV Ettlingen<\/title>\n<meta name=\"robots\" content=\"index, follow, max-snippet:-1, max-image-preview:large, max-video-preview:-1\" \/>\n<link rel=\"canonical\" href=\"https:\/\/tsv-ettlingen.de\/tsv\/erfolgreiches-marktfest-fuer-den-tsv-ettlingen\" \/>\n<meta property=\"og:locale\" content=\"de_DE\" \/>\n<meta property=\"og:type\" content=\"article\" \/>\n<meta property=\"og:title\" content=\"Erfolgreiches Marktfest f\u00fcr den TSV Ettlingen - TSV Ettlingen\" \/>\n<meta property=\"og:description\" content=\"Das Ettlinger Marktfest liegt hinter uns \u2013 und beim TSV Ettlingen f\u00e4llt das Fazit durchweg positiv aus. Bei bestem Festwetter konnten wir zahlreiche Besucherinnen und Besucher an unserem Stand begr\u00fc\u00dfen und gemeinsam ein sch\u00f6nes Marktfestwochenende erleben. Unsere heimelige Biergarten-Atmosph\u00e4re wurde von den G\u00e4sten sehr gut angenommen. Die Stimmung unter den Marktfestbesuchern war insgesamt durchweg hervorragend&hellip;&nbsp;Weiterlesen &raquo;Erfolgreiches Marktfest f\u00fcr den TSV Ettlingen\" \/>\n<meta property=\"og:url\" content=\"https:\/\/tsv-ettlingen.de\/tsv\/erfolgreiches-marktfest-fuer-den-tsv-ettlingen\" \/>\n<meta property=\"og:site_name\" content=\"TSV Ettlingen\" \/>\n<meta property=\"article:published_time\" content=\"2026-09-01T05:53:51+00:00\" \/>\n<meta property=\"article:modified_time\" content=\"2026-09-01T11:46:59+00:00\" \/>\n<meta property=\"og:image\" content=\"http:\/\/tsv-ettlingen.de\/tsv\/wp-content\/uploads\/2026\/09\/Abschied_Hans-Juergen-Gladitsch_1280x960px.jpg\" \/>\n\t<meta property=\"og:image:width\" content=\"1280\" \/>\n\t<meta property=\"og:image:height\" content=\"960\" \/>\n\t<meta property=\"og:image:type\" content=\"image\/jpeg\" \/>\n<meta name=\"author\" content=\"Nina Skala\" \/>\n<meta name=\"twitter:card\" content=\"summary_large_image\" \/>\n<meta name=\"twitter:label1\" content=\"Verfasst von\" \/>\n\t<meta name=\"twitter:data1\" content=\"Nina Skala\" \/>\n\t<meta name=\"twitter:label2\" content=\"Gesch\u00e4tzte Lesezeit\" \/>\n\t<meta name=\"twitter:data2\" content=\"5\u00a0Minuten\" \/>\n<script type=\"application\/ld+json\" class=\"yoast-schema-graph\">{\"@context\":\"https:\\\/\\\/schema.org\",\"@graph\":[{\"@type\":\"Article\",\"@id\":\"https:\\\/\\\/tsv-ettlingen.de\\\/tsv\\\/erfolgreiches-marktfest-fuer-den-tsv-ettlingen#article\",\"isPartOf\":{\"@id\":\"https:\\\/\\\/tsv-ettlingen.de\\\/tsv\\\/erfolgreiches-marktfest-fuer-den-tsv-ettlingen\"},\"author\":{\"name\":\"Nina Skala\",\"@id\":\"https:\\\/\\\/tsv-ettlingen.de\\\/tsv\\\/#\\\/schema\\\/person\\\/4fe29ec5d992d5063165bd153dfa8f5a\"},\"headline\":\"Erfolgreiches Marktfest f\u00fcr den TSV Ettlingen\",\"datePublished\":\"2026-09-01T05:53:51+00:00\",\"dateModified\":\"2026-09-01T11:46:59+00:00\",\"mainEntityOfPage\":{\"@id\":\"https:\\\/\\\/tsv-ettlingen.de\\\/tsv\\\/erfolgreiches-marktfest-fuer-den-tsv-ettlingen\"},\"wordCount\":293,\"commentCount\":0,\"publisher\":{\"@id\":\"https:\\\/\\\/tsv-ettlingen.de\\\/tsv\\\/#organization\"},\"image\":{\"@id\":\"https:\\\/\\\/tsv-ettlingen.de\\\/tsv\\\/erfolgreiches-marktfest-fuer-den-tsv-ettlingen#primaryimage\"},\"thumbnailUrl\":\"https:\\\/\\\/tsv-ettlingen.de\\\/tsv\\\/wp-content\\\/uploads\\\/2026\\\/09\\\/Abschied_Hans-Juergen-Gladitsch_1280x960px.jpg\",\"keywords\":[\"Abschied\",\"Erfolg\",\"Hans-J\u00fcrgen Gladitsch\",\"Marktfest\",\"Marktfest Ettlingen\"],\"inLanguage\":\"de\",\"potentialAction\":[{\"@type\":\"CommentAction\",\"name\":\"Comment\",\"target\":[\"https:\\\/\\\/tsv-ettlingen.de\\\/tsv\\\/erfolgreiches-marktfest-fuer-den-tsv-ettlingen#respond\"]}]},{\"@type\":\"WebPage\",\"@id\":\"https:\\\/\\\/tsv-ettlingen.de\\\/tsv\\\/erfolgreiches-marktfest-fuer-den-tsv-ettlingen\",\"url\":\"https:\\\/\\\/tsv-ettlingen.de\\\/tsv\\\/erfolgreiches-marktfest-fuer-den-tsv-ettlingen\",\"name\":\"Erfolgreiches Marktfest f\u00fcr den TSV Ettlingen - TSV Ettlingen\",\"isPartOf\":{\"@id\":\"https:\\\/\\\/tsv-ettlingen.de\\\/tsv\\\/#website\"},\"primaryImageOfPage\":{\"@id\":\"https:\\\/\\\/tsv-ettlingen.de\\\/tsv\\\/erfolgreiches-marktfest-fuer-den-tsv-ettlingen#primaryimage\"},\"image\":{\"@id\":\"https:\\\/\\\/tsv-ettlingen.de\\\/tsv\\\/erfolgreiches-marktfest-fuer-den-tsv-ettlingen#primaryimage\"},\"thumbnailUrl\":\"https:\\\/\\\/tsv-ettlingen.de\\\/tsv\\\/wp-content\\\/uploads\\\/2026\\\/09\\\/Abschied_Hans-Juergen-Gladitsch_1280x960px.jpg\",\"datePublished\":\"2026-09-01T05:53:51+00:00\",\"dateModified\":\"2026-09-01T11:46:59+00:00\",\"breadcrumb\":{\"@id\":\"https:\\\/\\\/tsv-ettlingen.de\\\/tsv\\\/erfolgreiches-marktfest-fuer-den-tsv-ettlingen#breadcrumb\"},\"inLanguage\":\"de\",\"potentialAction\":[{\"@type\":\"ReadAction\",\"target\":[\"https:\\\/\\\/tsv-ettlingen.de\\\/tsv\\\/erfolgreiches-marktfest-fuer-den-tsv-ettlingen\"]}]},{\"@type\":\"ImageObject\",\"inLanguage\":\"de\",\"@id\":\"https:\\\/\\\/tsv-ettlingen.de\\\/tsv\\\/erfolgreiches-marktfest-fuer-den-tsv-ettlingen#primaryimage\",\"url\":\"https:\\\/\\\/tsv-ettlingen.de\\\/tsv\\\/wp-content\\\/uploads\\\/2026\\\/09\\\/Abschied_Hans-Juergen-Gladitsch_1280x960px.jpg\",\"contentUrl\":\"https:\\\/\\\/tsv-ettlingen.de\\\/tsv\\\/wp-content\\\/uploads\\\/2026\\\/09\\\/Abschied_Hans-Juergen-Gladitsch_1280x960px.jpg\",\"width\":1280,\"height\":960},{\"@type\":\"BreadcrumbList\",\"@id\":\"https:\\\/\\\/tsv-ettlingen.de\\\/tsv\\\/erfolgreiches-marktfest-fuer-den-tsv-ettlingen#breadcrumb\",\"itemListElement\":[{\"@type\":\"ListItem\",\"position\":1,\"name\":\"Startseite\",\"item\":\"https:\\\/\\\/tsv-ettlingen.de\\\/tsv\\\/\"},{\"@type\":\"ListItem\",\"position\":2,\"name\":\"Erfolgreiches Marktfest f\u00fcr den TSV Ettlingen\"}]},{\"@type\":\"WebSite\",\"@id\":\"https:\\\/\\\/tsv-ettlingen.de\\\/tsv\\\/#website\",\"url\":\"https:\\\/\\\/tsv-ettlingen.de\\\/tsv\\\/\",\"name\":\"TSV Ettlingen\",\"description\":\"Zusammenhalt leben!\",\"publisher\":{\"@id\":\"https:\\\/\\\/tsv-ettlingen.de\\\/tsv\\\/#organization\"},\"potentialAction\":[{\"@type\":\"SearchAction\",\"target\":{\"@type\":\"EntryPoint\",\"urlTemplate\":\"https:\\\/\\\/tsv-ettlingen.de\\\/tsv\\\/?s={search_term_string}\"},\"query-input\":{\"@type\":\"PropertyValueSpecification\",\"valueRequired\":true,\"valueName\":\"search_term_string\"}}],\"inLanguage\":\"de\"},{\"@type\":\"Organization\",\"@id\":\"https:\\\/\\\/tsv-ettlingen.de\\\/tsv\\\/#organization\",\"name\":\"TSV Ettlingen e.V.\",\"url\":\"https:\\\/\\\/tsv-ettlingen.de\\\/tsv\\\/\",\"logo\":{\"@type\":\"ImageObject\",\"inLanguage\":\"de\",\"@id\":\"https:\\\/\\\/tsv-ettlingen.de\\\/tsv\\\/#\\\/schema\\\/logo\\\/image\\\/\",\"url\":\"https:\\\/\\\/tsv-ettlingen.de\\\/tsv\\\/wp-content\\\/uploads\\\/2021\\\/05\\\/LOGO_Farbe.jpg\",\"contentUrl\":\"https:\\\/\\\/tsv-ettlingen.de\\\/tsv\\\/wp-content\\\/uploads\\\/2021\\\/05\\\/LOGO_Farbe.jpg\",\"width\":2008,\"height\":1181,\"caption\":\"TSV Ettlingen e.V.\"},\"image\":{\"@id\":\"https:\\\/\\\/tsv-ettlingen.de\\\/tsv\\\/#\\\/schema\\\/logo\\\/image\\\/\"},\"sameAs\":[\"https:\\\/\\\/www.instagram.com\\\/tsv_ettlingen\\\/\"]},{\"@type\":\"Person\",\"@id\":\"https:\\\/\\\/tsv-ettlingen.de\\\/tsv\\\/#\\\/schema\\\/person\\\/4fe29ec5d992d5063165bd153dfa8f5a\",\"name\":\"Nina Skala\",\"image\":{\"@type\":\"ImageObject\",\"inLanguage\":\"de\",\"@id\":\"https:\\\/\\\/secure.gravatar.com\\\/avatar\\\/213999610ce51a277c47ed9436e7468b593e7e2ccfccac0a98a78b3a688f3f60?s=96&d=mm&r=g\",\"url\":\"https:\\\/\\\/secure.gravatar.com\\\/avatar\\\/213999610ce51a277c47ed9436e7468b593e7e2ccfccac0a98a78b3a688f3f60?s=96&d=mm&r=g\",\"contentUrl\":\"https:\\\/\\\/secure.gravatar.com\\\/avatar\\\/213999610ce51a277c47ed9436e7468b593e7e2ccfccac0a98a78b3a688f3f60?s=96&d=mm&r=g\",\"caption\":\"Nina Skala\"},\"url\":\"https:\\\/\\\/tsv-ettlingen.de\\\/tsv\\\/author\\\/ninaskala\"}]}<\/script>\n<!-- \/ Yoast SEO plugin. -->","yoast_head_json":{"title":"Erfolgreiches Marktfest f\u00fcr den TSV Ettlingen - TSV Ettlingen","robots":{"index":"index","follow":"follow","max-snippet":"max-snippet:-1","max-image-preview":"max-image-preview:large","max-video-preview":"max-video-preview:-1"},"canonical":"https:\/\/tsv-ettlingen.de\/tsv\/erfolgreiches-marktfest-fuer-den-tsv-ettlingen","og_locale":"de_DE","og_type":"article","og_title":"Erfolgreiches Marktfest f\u00fcr den TSV Ettlingen - TSV Ettlingen","og_description":"Das Ettlinger Marktfest liegt hinter uns \u2013 und beim TSV Ettlingen f\u00e4llt das Fazit durchweg positiv aus. Bei bestem Festwetter konnten wir zahlreiche Besucherinnen und Besucher an unserem Stand begr\u00fc\u00dfen und gemeinsam ein sch\u00f6nes Marktfestwochenende erleben. Unsere heimelige Biergarten-Atmosph\u00e4re wurde von den G\u00e4sten sehr gut angenommen. Die Stimmung unter den Marktfestbesuchern war insgesamt durchweg hervorragend&hellip;&nbsp;Weiterlesen &raquo;Erfolgreiches Marktfest f\u00fcr den TSV Ettlingen","og_url":"https:\/\/tsv-ettlingen.de\/tsv\/erfolgreiches-marktfest-fuer-den-tsv-ettlingen","og_site_name":"TSV Ettlingen","article_published_time":"2026-09-01T05:53:51+00:00","article_modified_time":"2026-09-01T11:46:59+00:00","og_image":[{"width":1280,"height":960,"url":"http:\/\/tsv-ettlingen.de\/tsv\/wp-content\/uploads\/2026\/09\/Abschied_Hans-Juergen-Gladitsch_1280x960px.jpg","type":"image\/jpeg"}],"author":"Nina Skala","twitter_card":"summary_large_image","twitter_misc":{"Verfasst von":"Nina Skala","Gesch\u00e4tzte Lesezeit":"5\u00a0Minuten"},"schema":{"@context":"https:\/\/schema.org","@graph":[{"@type":"Article","@id":"https:\/\/tsv-ettlingen.de\/tsv\/erfolgreiches-marktfest-fuer-den-tsv-ettlingen#article","isPartOf":{"@id":"https:\/\/tsv-ettlingen.de\/tsv\/erfolgreiches-marktfest-fuer-den-tsv-ettlingen"},"author":{"name":"Nina Skala","@id":"https:\/\/tsv-ettlingen.de\/tsv\/#\/schema\/person\/4fe29ec5d992d5063165bd153dfa8f5a"},"headline":"Erfolgreiches Marktfest f\u00fcr den TSV Ettlingen","datePublished":"2026-09-01T05:53:51+00:00","dateModified":"2026-09-01T11:46:59+00:00","mainEntityOfPage":{"@id":"https:\/\/tsv-ettlingen.de\/tsv\/erfolgreiches-marktfest-fuer-den-tsv-ettlingen"},"wordCount":293,"commentCount":0,"publisher":{"@id":"https:\/\/tsv-ettlingen.de\/tsv\/#organization"},"image":{"@id":"https:\/\/tsv-ettlingen.de\/tsv\/erfolgreiches-marktfest-fuer-den-tsv-ettlingen#primaryimage"},"thumbnailUrl":"https:\/\/tsv-ettlingen.de\/tsv\/wp-content\/uploads\/2026\/09\/Abschied_Hans-Juergen-Gladitsch_1280x960px.jpg","keywords":["Abschied","Erfolg","Hans-J\u00fcrgen Gladitsch","Marktfest","Marktfest Ettlingen"],"inLanguage":"de","potentialAction":[{"@type":"CommentAction","name":"Comment","target":["https:\/\/tsv-ettlingen.de\/tsv\/erfolgreiches-marktfest-fuer-den-tsv-ettlingen#respond"]}]},{"@type":"WebPage","@id":"https:\/\/tsv-ettlingen.de\/tsv\/erfolgreiches-marktfest-fuer-den-tsv-ettlingen","url":"https:\/\/tsv-ettlingen.de\/tsv\/erfolgreiches-marktfest-fuer-den-tsv-ettlingen","name":"Erfolgreiches Marktfest f\u00fcr den TSV Ettlingen - TSV Ettlingen","isPartOf":{"@id":"https:\/\/tsv-ettlingen.de\/tsv\/#website"},"primaryImageOfPage":{"@id":"https:\/\/tsv-ettlingen.de\/tsv\/erfolgreiches-marktfest-fuer-den-tsv-ettlingen#primaryimage"},"image":{"@id":"https:\/\/tsv-ettlingen.de\/tsv\/erfolgreiches-marktfest-fuer-den-tsv-ettlingen#primaryimage"},"thumbnailUrl":"https:\/\/tsv-ettlingen.de\/tsv\/wp-content\/uploads\/2026\/09\/Abschied_Hans-Juergen-Gladitsch_1280x960px.jpg","datePublished":"2026-09-01T05:53:51+00:00","dateModified":"2026-09-01T11:46:59+00:00","breadcrumb":{"@id":"https:\/\/tsv-ettlingen.de\/tsv\/erfolgreiches-marktfest-fuer-den-tsv-ettlingen#breadcrumb"},"inLanguage":"de","potentialAction":[{"@type":"ReadAction","target":["https:\/\/tsv-ettlingen.de\/tsv\/erfolgreiches-marktfest-fuer-den-tsv-ettlingen"]}]},{"@type":"ImageObject","inLanguage":"de","@id":"https:\/\/tsv-ettlingen.de\/tsv\/erfolgreiches-marktfest-fuer-den-tsv-ettlingen#primaryimage","url":"https:\/\/tsv-ettlingen.de\/tsv\/wp-content\/uploads\/2026\/09\/Abschied_Hans-Juergen-Gladitsch_1280x960px.jpg","contentUrl":"https:\/\/tsv-ettlingen.de\/tsv\/wp-content\/uploads\/2026\/09\/Abschied_Hans-Juergen-Gladitsch_1280x960px.jpg","width":1280,"height":960},{"@type":"BreadcrumbList","@id":"https:\/\/tsv-ettlingen.de\/tsv\/erfolgreiches-marktfest-fuer-den-tsv-ettlingen#breadcrumb","itemListElement":[{"@type":"ListItem","position":1,"name":"Startseite","item":"https:\/\/tsv-ettlingen.de\/tsv\/"},{"@type":"ListItem","position":2,"name":"Erfolgreiches Marktfest f\u00fcr den TSV Ettlingen"}]},{"@type":"WebSite","@id":"https:\/\/tsv-ettlingen.de\/tsv\/#website","url":"https:\/\/tsv-ettlingen.de\/tsv\/","name":"TSV Ettlingen","description":"Zusammenhalt leben!","publisher":{"@id":"https:\/\/tsv-ettlingen.de\/tsv\/#organization"},"potentialAction":[{"@type":"SearchAction","target":{"@type":"EntryPoint","urlTemplate":"https:\/\/tsv-ettlingen.de\/tsv\/?s={search_term_string}"},"query-input":{"@type":"PropertyValueSpecification","valueRequired":true,"valueName":"search_term_string"}}],"inLanguage":"de"},{"@type":"Organization","@id":"https:\/\/tsv-ettlingen.de\/tsv\/#organization","name":"TSV Ettlingen e.V.","url":"https:\/\/tsv-ettlingen.de\/tsv\/","logo":{"@type":"ImageObject","inLanguage":"de","@id":"https:\/\/tsv-ettlingen.de\/tsv\/#\/schema\/logo\/image\/","url":"https:\/\/tsv-ettlingen.de\/tsv\/wp-content\/uploads\/2021\/05\/LOGO_Farbe.jpg","contentUrl":"https:\/\/tsv-ettlingen.de\/tsv\/wp-content\/uploads\/2021\/05\/LOGO_Farbe.jpg","width":2008,"height":1181,"caption":"TSV Ettlingen e.V."},"image":{"@id":"https:\/\/tsv-ettlingen.de\/tsv\/#\/schema\/logo\/image\/"},"sameAs":["https:\/\/www.instagram.com\/tsv_ettlingen\/"]},{"@type":"Person","@id":"https:\/\/tsv-ettlingen.de\/tsv\/#\/schema\/person\/4fe29ec5d992d5063165bd153dfa8f5a","name":"Nina Skala","image":{"@type":"ImageObject","inLanguage":"de","@id":"https:\/\/secure.gravatar.com\/avatar\/213999610ce51a277c47ed9436e7468b593e7e2ccfccac0a98a78b3a688f3f60?s=96&d=mm&r=g","url":"https:\/\/secure.gravatar.com\/avatar\/213999610ce51a277c47ed9436e7468b593e7e2ccfccac0a98a78b3a688f3f60?s=96&d=mm&r=g","contentUrl":"https:\/\/secure.gravatar.com\/avatar\/213999610ce51a277c47ed9436e7468b593e7e2ccfccac0a98a78b3a688f3f60?s=96&d=mm&r=g","caption":"Nina Skala"},"url":"https:\/\/tsv-ettlingen.de\/tsv\/author\/ninaskala"}]}},"_links":{"self":[{"href":"https:\/\/tsv-ettlingen.de\/tsv\/wp-json\/wp\/v2\/posts\/5453","targetHints":{"allow":["GET"]}}],"collection":[{"href":"https:\/\/tsv-ettlingen.de\/tsv\/wp-json\/wp\/v2\/posts"}],"about":[{"href":"https:\/\/tsv-ettlingen.de\/tsv\/wp-json\/wp\/v2\/types\/post"}],"author":[{"embeddable":true,"href":"https:\/\/tsv-ettlingen.de\/tsv\/wp-json\/wp\/v2\/users\/9"}],"replies":[{"embeddable":true,"href":"https:\/\/tsv-ettlingen.de\/tsv\/wp-json\/wp\/v2\/comments?post=5453"}],"version-history":[{"count":7,"href":"https:\/\/tsv-ettlingen.de\/tsv\/wp-json\/wp\/v2\/posts\/5453\/revisions"}],"predecessor-version":[{"id":5480,"href":"https:\/\/tsv-ettlingen.de\/tsv\/wp-json\/wp\/v2\/posts\/5453\/revisions\/5480"}],"wp:featuredmedia":[{"embeddable":true,"href":"https:\/\/tsv-ettlingen.de\/tsv\/wp-json\/wp\/v2\/media\/5454"}],"wp:attachment":[{"href":"https:\/\/tsv-ettlingen.de\/tsv\/wp-json\/wp\/v2\/media?parent=5453"}],"wp:term":[{"taxonomy":"category","embeddable":true,"href":"https:\/\/tsv-ettlingen.de\/tsv\/wp-json\/wp\/v2\/categories?post=5453"},{"taxonomy":"post_tag","embeddable":true,"href":"https:\/\/tsv-ettlingen.de\/tsv\/wp-json\/wp\/v2\/tags?post=5453"}],"curies":[{"name":"wp","href":"https:\/\/api.w.org\/{rel}","templated":true}]}}